{"id":63642,"date":"2024-08-19T15:26:04","date_gmt":"2024-08-19T15:26:04","guid":{"rendered":"https:\/\/sertv.gob.pa\/crisolfm\/?p=63642"},"modified":"2024-08-19T15:26:04","modified_gmt":"2024-08-19T15:26:04","slug":"minsa-insta-a-los-padres-de-familia-a-vacunar-a-sus-hijos-contra-el-sarampion","status":"publish","type":"post","link":"https:\/\/sertv.gob.pa\/crisolfm\/minsa-insta-a-los-padres-de-familia-a-vacunar-a-sus-hijos-contra-el-sarampion\/","title":{"rendered":"MINSA insta a los padres de familia a vacunar a sus hijos contra el sarampi\u00f3n"},"content":{"rendered":"<p><strong><em>Panam\u00e1, <\/em><\/strong><\/p>\n<p><strong><em>\u00a0<\/em><\/strong><\/p>\n<p><strong><em>En San Miguelito, la poblaci\u00f3n de responsabilidad\u00a0de 1 a 4 a\u00f1os de edad a vacunar es de 16,352 total y a la fecha, solo se han vacunado contra el sarampi\u00f3n un total de 8,538 ni\u00f1os en este Distrito, lo que corresponde a un 52.7%; de esta poblaci\u00f3n, manifest\u00f3 la Coordinadora del Programa Ampliado de Inmunizaci\u00f3n PAI en San Miguelito, Armilda Alvarado.<\/em><\/strong><\/p>\n<p><strong><em>Alvarado, indic\u00f3 que, el Sarampi\u00f3n, es una enfermedad muy contagiosa y los Padres de Familia, deben estar alerta.<\/em><\/strong><\/p>\n<p><strong><em>La Coordinadora del Programa de Ni\u00f1ez y Adolescencia, Lilibeth Ure\u00f1a, indic\u00f3 que, los\u00a0s\u00edntomas del sarampi\u00f3n son: \u00a0fiebre alta, por arriba de 39 a 40 grado, tos, ojos llorosos y rojos, secreci\u00f3n nasal, manchas y erupci\u00f3n en todo el cuerpo.<\/em><\/strong><\/p>\n<p><strong><em>Por su parte, Yaviletsy Centella, directora regional de salud en San Miguelito, manifest\u00f3 que, la\u00a0vacunaci\u00f3n, es la forma m\u00e1s eficaz de prevenir el sarampi\u00f3n, es segura y gratuita.\u00a0\u00a0<\/em><\/strong><\/p>\n<p><strong><em>\u201cHago un llamado a las escuelas, maestros, due\u00f1os de PH y a los padres de familia, que permitan al equipo de Enfermeras debidamente identificado vacunar a los ni\u00f1os de 1 a 4 a\u00f1os\u201d puntualiz\u00f3 Centella<\/em><\/strong><\/p>\n<p><strong><em>El Ministerio de Salud, exhorta a los padres de familia, que no han vacunado a sus hijos de 1 a 4 a\u00f1os, acudir a los Centros de Salud o Policl\u00ednicas de la Caja de Seguro Social, de lunes a viernes, en horario de 8:00 de la ma\u00f1ana a 2:00 de la tarde.<\/em><\/strong><\/p>\n<p><strong><em>\u00a0<\/em><\/strong><\/p>\n<p>Fuente: MINSA<\/p>\n","protected":false},"excerpt":{"rendered":"<p>Panam\u00e1, \u00a0 En San Miguelito, la poblaci\u00f3n de responsabilidad\u00a0de 1 <a href=\"https:\/\/sertv.gob.pa\/crisolfm\/minsa-insta-a-los-padres-de-familia-a-vacunar-a-sus-hijos-contra-el-sarampion\/\"> [&#8230;]<\/a><\/p>\n","protected":false},"author":9,"featured_media":49645,"comment_status":"closed","ping_status":"closed","sticky":false,"template":"","format":"standard","meta":{"footnotes":""},"categories":[14],"tags":[],"class_list":["post-63642","post","type-post","status-publish","format-standard","has-post-thumbnail","hentry","category-salud"],"_links":{"self":[{"href":"https:\/\/sertv.gob.pa\/crisolfm\/wp-json\/wp\/v2\/posts\/63642","targetHints":{"allow":["GET"]}}],"collection":[{"href":"https:\/\/sertv.gob.pa\/crisolfm\/wp-json\/wp\/v2\/posts"}],"about":[{"href":"https:\/\/sertv.gob.pa\/crisolfm\/wp-json\/wp\/v2\/types\/post"}],"author":[{"embeddable":true,"href":"https:\/\/sertv.gob.pa\/crisolfm\/wp-json\/wp\/v2\/users\/9"}],"replies":[{"embeddable":true,"href":"https:\/\/sertv.gob.pa\/crisolfm\/wp-json\/wp\/v2\/comments?post=63642"}],"version-history":[{"count":1,"href":"https:\/\/sertv.gob.pa\/crisolfm\/wp-json\/wp\/v2\/posts\/63642\/revisions"}],"predecessor-version":[{"id":63643,"href":"https:\/\/sertv.gob.pa\/crisolfm\/wp-json\/wp\/v2\/posts\/63642\/revisions\/63643"}],"wp:featuredmedia":[{"embeddable":true,"href":"https:\/\/sertv.gob.pa\/crisolfm\/wp-json\/wp\/v2\/media\/49645"}],"wp:attachment":[{"href":"https:\/\/sertv.gob.pa\/crisolfm\/wp-json\/wp\/v2\/media?parent=63642"}],"wp:term":[{"taxonomy":"category","embeddable":true,"href":"https:\/\/sertv.gob.pa\/crisolfm\/wp-json\/wp\/v2\/categories?post=63642"},{"taxonomy":"post_tag","embeddable":true,"href":"https:\/\/sertv.gob.pa\/crisolfm\/wp-json\/wp\/v2\/tags?post=63642"}],"curies":[{"name":"wp","href":"https:\/\/api.w.org\/{rel}","templated":true}]}}