{"id":63690,"date":"2024-08-20T15:15:56","date_gmt":"2024-08-20T15:15:56","guid":{"rendered":"https:\/\/sertv.gob.pa\/crisolfm\/?p=63690"},"modified":"2024-08-20T15:15:56","modified_gmt":"2024-08-20T15:15:56","slug":"ninos-veraguenses-participan-en-taller-sonrisa-y-dientes-sanos","status":"publish","type":"post","link":"https:\/\/sertv.gob.pa\/crisolfm\/ninos-veraguenses-participan-en-taller-sonrisa-y-dientes-sanos\/","title":{"rendered":"Ni\u00f1os Verag\u00fcenses participan en taller \u201cSonrisa y Dientes Sanos\u201d"},"content":{"rendered":"<p><strong><em>Veraguas, <\/em><\/strong><\/p>\n<p><strong><em>\u00a0<\/em><\/strong><\/p>\n<p><strong><em>Ni\u00f1os de prek\u00ednder y k\u00ednder del Centro Educativo Los Algarrobos participaron del divertido taller \u201cSonrisa y Dientes Sanos\u201d, como parte de las acciones, atenciones y estrategias que desarrolla el departamento de Salud Bucal del Centro de Salud Juan B. Zamorano del distrito de La Pe\u00f1a.<\/em><\/strong><\/p>\n<p><strong><em>Mas de 40 ni\u00f1os aprendieron la importancia del cuidado de los dientes para lucir una sonrisa radiante, el modo correcto de cepillarse, cuantas veces al d\u00eda se debe aplicar el cepillado dental, el uso de enjuague bucal adecuado a su edad y la utilizaci\u00f3n del hilo dental.<\/em><\/strong><\/p>\n<p><strong><em>Los centros educativos que participan del programa escolar en este corregimiento reciben la atenci\u00f3n y seguimiento odontol\u00f3gico en el centro de salud.<\/em><\/strong><\/p>\n<p><strong><em>Se recomienda a los padres de familia cambiar el cepillo dental cada tres meses, alimentaci\u00f3n saludable y verificar el cepillado diario para prevenir la aparici\u00f3n de caries y gozar de una excelente salud bucal.<\/em><\/strong><\/p>\n<p><strong><em>\u00a0<\/em><\/strong><\/p>\n<p>Fuente: MINSA<\/p>\n","protected":false},"excerpt":{"rendered":"<p>Veraguas, \u00a0 Ni\u00f1os de prek\u00ednder y k\u00ednder del Centro Educativo <a href=\"https:\/\/sertv.gob.pa\/crisolfm\/ninos-veraguenses-participan-en-taller-sonrisa-y-dientes-sanos\/\"> [&#8230;]<\/a><\/p>\n","protected":false},"author":9,"featured_media":63691,"comment_status":"closed","ping_status":"closed","sticky":false,"template":"","format":"standard","meta":{"footnotes":""},"categories":[14],"tags":[],"class_list":["post-63690","post","type-post","status-publish","format-standard","has-post-thumbnail","hentry","category-salud"],"_links":{"self":[{"href":"https:\/\/sertv.gob.pa\/crisolfm\/wp-json\/wp\/v2\/posts\/63690","targetHints":{"allow":["GET"]}}],"collection":[{"href":"https:\/\/sertv.gob.pa\/crisolfm\/wp-json\/wp\/v2\/posts"}],"about":[{"href":"https:\/\/sertv.gob.pa\/crisolfm\/wp-json\/wp\/v2\/types\/post"}],"author":[{"embeddable":true,"href":"https:\/\/sertv.gob.pa\/crisolfm\/wp-json\/wp\/v2\/users\/9"}],"replies":[{"embeddable":true,"href":"https:\/\/sertv.gob.pa\/crisolfm\/wp-json\/wp\/v2\/comments?post=63690"}],"version-history":[{"count":1,"href":"https:\/\/sertv.gob.pa\/crisolfm\/wp-json\/wp\/v2\/posts\/63690\/revisions"}],"predecessor-version":[{"id":63692,"href":"https:\/\/sertv.gob.pa\/crisolfm\/wp-json\/wp\/v2\/posts\/63690\/revisions\/63692"}],"wp:featuredmedia":[{"embeddable":true,"href":"https:\/\/sertv.gob.pa\/crisolfm\/wp-json\/wp\/v2\/media\/63691"}],"wp:attachment":[{"href":"https:\/\/sertv.gob.pa\/crisolfm\/wp-json\/wp\/v2\/media?parent=63690"}],"wp:term":[{"taxonomy":"category","embeddable":true,"href":"https:\/\/sertv.gob.pa\/crisolfm\/wp-json\/wp\/v2\/categories?post=63690"},{"taxonomy":"post_tag","embeddable":true,"href":"https:\/\/sertv.gob.pa\/crisolfm\/wp-json\/wp\/v2\/tags?post=63690"}],"curies":[{"name":"wp","href":"https:\/\/api.w.org\/{rel}","templated":true}]}}