{"id":63745,"date":"2024-08-21T15:38:15","date_gmt":"2024-08-21T15:38:15","guid":{"rendered":"https:\/\/sertv.gob.pa\/crisolfm\/?p=63745"},"modified":"2024-08-21T15:38:15","modified_gmt":"2024-08-21T15:38:15","slug":"realizan-gira-de-seguimiento-y-capacitacion-en-vigilancia-epidemiologica-del-vih-en-veraguas","status":"publish","type":"post","link":"https:\/\/sertv.gob.pa\/crisolfm\/realizan-gira-de-seguimiento-y-capacitacion-en-vigilancia-epidemiologica-del-vih-en-veraguas\/","title":{"rendered":"Realizan gira de seguimiento y capacitaci\u00f3n en vigilancia epidemiol\u00f3gica del VIH en Veraguas"},"content":{"rendered":"<p><strong><em>\u00a0<\/em><\/strong><strong><em>En la provincia de Veraguas, profesionales de Epidemiologia de la Caja de Seguro Social y el Ministerio de Salud, recibieron la visita del equipo multidisciplinario nacional de Epidemiologia y Vigilancia de VIH y un consultor de CDC\/ICAP de Guatemala, para realizar la supervisi\u00f3n de calidad de datos de VIH en esta regi\u00f3n del pa\u00eds.\u00a0<\/em><\/strong><\/p>\n<p><strong><em>Esta supervisi\u00f3n se realiz\u00f3 con el objetivo de verificar el funcionamiento del m\u00f3dulo de VIH en SISVIG, capacitar en el uso de la nueva plataforma del m\u00f3dulo seg\u00fan necesidad, aplicar y capacitar en la metodolog\u00eda de procedimientos operativos estandarizado para el control de calidad de datos de VIH,\u00a0confecci\u00f3n de TB\/VIH y verificar los avances en plan de eliminaci\u00f3n de la s\u00edfilis cong\u00e9nita.<\/em><\/strong><\/p>\n<p><strong><em>Ricardo Chong, jefe Regional de Epidemiologia en la provincia de Veraguas, explic\u00f3 que, estas supervisiones son importantes y enriquecedoras pues nos permite realizar un an\u00e1lisis y evaluaci\u00f3n del trabajo que estamos realizando en la provincia e identifica las\u00a0debilidades para mejorar, impactando de manera positiva la base de datos y registros de pacientes de VIH.<\/em><\/strong><\/p>\n<p><strong><em>\u00a0<\/em><\/strong><\/p>\n<p>Fuente: MINSA<\/p>\n","protected":false},"excerpt":{"rendered":"<p>\u00a0En la provincia de Veraguas, profesionales de Epidemiologia de la <a href=\"https:\/\/sertv.gob.pa\/crisolfm\/realizan-gira-de-seguimiento-y-capacitacion-en-vigilancia-epidemiologica-del-vih-en-veraguas\/\"> [&#8230;]<\/a><\/p>\n","protected":false},"author":9,"featured_media":63746,"comment_status":"closed","ping_status":"closed","sticky":false,"template":"","format":"standard","meta":{"footnotes":""},"categories":[14],"tags":[],"class_list":["post-63745","post","type-post","status-publish","format-standard","has-post-thumbnail","hentry","category-salud"],"_links":{"self":[{"href":"https:\/\/sertv.gob.pa\/crisolfm\/wp-json\/wp\/v2\/posts\/63745","targetHints":{"allow":["GET"]}}],"collection":[{"href":"https:\/\/sertv.gob.pa\/crisolfm\/wp-json\/wp\/v2\/posts"}],"about":[{"href":"https:\/\/sertv.gob.pa\/crisolfm\/wp-json\/wp\/v2\/types\/post"}],"author":[{"embeddable":true,"href":"https:\/\/sertv.gob.pa\/crisolfm\/wp-json\/wp\/v2\/users\/9"}],"replies":[{"embeddable":true,"href":"https:\/\/sertv.gob.pa\/crisolfm\/wp-json\/wp\/v2\/comments?post=63745"}],"version-history":[{"count":1,"href":"https:\/\/sertv.gob.pa\/crisolfm\/wp-json\/wp\/v2\/posts\/63745\/revisions"}],"predecessor-version":[{"id":63747,"href":"https:\/\/sertv.gob.pa\/crisolfm\/wp-json\/wp\/v2\/posts\/63745\/revisions\/63747"}],"wp:featuredmedia":[{"embeddable":true,"href":"https:\/\/sertv.gob.pa\/crisolfm\/wp-json\/wp\/v2\/media\/63746"}],"wp:attachment":[{"href":"https:\/\/sertv.gob.pa\/crisolfm\/wp-json\/wp\/v2\/media?parent=63745"}],"wp:term":[{"taxonomy":"category","embeddable":true,"href":"https:\/\/sertv.gob.pa\/crisolfm\/wp-json\/wp\/v2\/categories?post=63745"},{"taxonomy":"post_tag","embeddable":true,"href":"https:\/\/sertv.gob.pa\/crisolfm\/wp-json\/wp\/v2\/tags?post=63745"}],"curies":[{"name":"wp","href":"https:\/\/api.w.org\/{rel}","templated":true}]}}