{"id":63748,"date":"2024-08-21T16:09:17","date_gmt":"2024-08-21T16:09:17","guid":{"rendered":"https:\/\/sertv.gob.pa\/crisolfm\/?p=63748"},"modified":"2024-08-21T16:09:17","modified_gmt":"2024-08-21T16:09:17","slug":"campana-contra-el-dengue-en-centros-educativos-de-colon","status":"publish","type":"post","link":"https:\/\/sertv.gob.pa\/crisolfm\/campana-contra-el-dengue-en-centros-educativos-de-colon\/","title":{"rendered":"Campa\u00f1a contra el dengue en centros educativos de Col\u00f3n"},"content":{"rendered":"<p><strong><em>Una jornada de concienciaci\u00f3n contra el dengue realiz\u00f3 el equipo de Promoci\u00f3n y educaci\u00f3n de la Regi\u00f3n de Salud de Col\u00f3n, en varios centros educativos de la costa atl\u00e1ntica en su lucha frontal contra los criaderos de mosquito.<\/em><\/strong><\/p>\n<p><strong><em>El Departamento de Promoci\u00f3n desarroll\u00f3 un cine debate y de codificaci\u00f3n de l\u00e1minas, en la que se inst\u00f3 a los estudiantes, que la salud empieza en casa con la eliminaci\u00f3n los criaderos del mosquito Aedes Aegypti para minimizar enfermar por dengue.<\/em><\/strong><\/p>\n<p><strong><em>En esta intervenci\u00f3n se beneficiaron 351 estudiantes del sexto nivel de las escuelas: Carlos Clement, Juan A. Henr\u00edquez y Rep\u00fablica del Uruguay.<\/em><\/strong><\/p>\n<p><strong><em>Esto forma parte de una campa\u00f1a comunitaria en la que se han involucrado el Ministerio de Educaci\u00f3n, Alcald\u00eda de distrito de Col\u00f3n, Autoridad de Turismo, con su \u00bb Campa\u00f1a de Concientizaci\u00f3n a nivel Escolar: mantener limpia la Ciudad de Col\u00f3n\u00bb.<\/em><\/strong><\/p>\n<p><strong><em>\u00a0<\/em><\/strong><\/p>\n<p>Fuente: MINSA<\/p>\n","protected":false},"excerpt":{"rendered":"<p>Una jornada de concienciaci\u00f3n contra el dengue realiz\u00f3 el equipo <a href=\"https:\/\/sertv.gob.pa\/crisolfm\/campana-contra-el-dengue-en-centros-educativos-de-colon\/\"> [&#8230;]<\/a><\/p>\n","protected":false},"author":9,"featured_media":63749,"comment_status":"closed","ping_status":"closed","sticky":false,"template":"","format":"standard","meta":{"footnotes":""},"categories":[14],"tags":[],"class_list":["post-63748","post","type-post","status-publish","format-standard","has-post-thumbnail","hentry","category-salud"],"_links":{"self":[{"href":"https:\/\/sertv.gob.pa\/crisolfm\/wp-json\/wp\/v2\/posts\/63748","targetHints":{"allow":["GET"]}}],"collection":[{"href":"https:\/\/sertv.gob.pa\/crisolfm\/wp-json\/wp\/v2\/posts"}],"about":[{"href":"https:\/\/sertv.gob.pa\/crisolfm\/wp-json\/wp\/v2\/types\/post"}],"author":[{"embeddable":true,"href":"https:\/\/sertv.gob.pa\/crisolfm\/wp-json\/wp\/v2\/users\/9"}],"replies":[{"embeddable":true,"href":"https:\/\/sertv.gob.pa\/crisolfm\/wp-json\/wp\/v2\/comments?post=63748"}],"version-history":[{"count":1,"href":"https:\/\/sertv.gob.pa\/crisolfm\/wp-json\/wp\/v2\/posts\/63748\/revisions"}],"predecessor-version":[{"id":63750,"href":"https:\/\/sertv.gob.pa\/crisolfm\/wp-json\/wp\/v2\/posts\/63748\/revisions\/63750"}],"wp:featuredmedia":[{"embeddable":true,"href":"https:\/\/sertv.gob.pa\/crisolfm\/wp-json\/wp\/v2\/media\/63749"}],"wp:attachment":[{"href":"https:\/\/sertv.gob.pa\/crisolfm\/wp-json\/wp\/v2\/media?parent=63748"}],"wp:term":[{"taxonomy":"category","embeddable":true,"href":"https:\/\/sertv.gob.pa\/crisolfm\/wp-json\/wp\/v2\/categories?post=63748"},{"taxonomy":"post_tag","embeddable":true,"href":"https:\/\/sertv.gob.pa\/crisolfm\/wp-json\/wp\/v2\/tags?post=63748"}],"curies":[{"name":"wp","href":"https:\/\/api.w.org\/{rel}","templated":true}]}}