{"id":63751,"date":"2024-08-21T16:52:47","date_gmt":"2024-08-21T16:52:47","guid":{"rendered":"https:\/\/sertv.gob.pa\/crisolfm\/?p=63751"},"modified":"2024-08-21T16:52:47","modified_gmt":"2024-08-21T16:52:47","slug":"estudiantes-de-herrera-reciben-charlas-sobre-los-trastornos-alimenticios","status":"publish","type":"post","link":"https:\/\/sertv.gob.pa\/crisolfm\/estudiantes-de-herrera-reciben-charlas-sobre-los-trastornos-alimenticios\/","title":{"rendered":"Estudiantes de Herrera reciben charlas sobre los trastornos alimenticios"},"content":{"rendered":"<p><strong><em>En un esfuerzo conjunto para promover la salud mental entre los j\u00f3venes, las enfermeras especializadas en salud mental y educadores para la salud de la Regi\u00f3n de Salud de la Provincia de Herrera, llevaron a cabo una capacitaci\u00f3n dirigida a los estudiantes del Colegio San Juan Bautista, enfocada en los trastornos de la conducta alimentaria, un tema crucial para el bienestar de la juventud actual.<\/em><\/strong><\/p>\n<p><strong><em>La capacitaci\u00f3n, incluy\u00f3 charlas interactivas, talleres pr\u00e1cticos y din\u00e1micas grupales que abordaron de manera integral la identificaci\u00f3n, prevenci\u00f3n y manejo de trastornos alimenticios, con el objetivo principal de concienciar a los adolescentes sobre estos problemas y dotarlos de las herramientas necesarias para prevenirlos y enfrentarlos.<\/em><\/strong><\/p>\n<p><strong><em>Durante el evento, las enfermeras resaltaron la importancia de mantener una imagen corporal saludable y una autoestima positiva, adem\u00e1s de desmitificar los estereotipos, para lo cual se discutieron estrategias para crear entornos de apoyo tanto en la escuela como en el hogar, fundamentales para la detecci\u00f3n temprana y el tratamiento adecuado de estos trastornos.<\/em><\/strong><\/p>\n<p><strong><em>\u00a0<\/em><\/strong><\/p>\n<p>Fuente: MINSA<\/p>\n","protected":false},"excerpt":{"rendered":"<p>En un esfuerzo conjunto para promover la salud mental entre <a href=\"https:\/\/sertv.gob.pa\/crisolfm\/estudiantes-de-herrera-reciben-charlas-sobre-los-trastornos-alimenticios\/\"> [&#8230;]<\/a><\/p>\n","protected":false},"author":9,"featured_media":63752,"comment_status":"closed","ping_status":"closed","sticky":false,"template":"","format":"standard","meta":{"footnotes":""},"categories":[14],"tags":[],"class_list":["post-63751","post","type-post","status-publish","format-standard","has-post-thumbnail","hentry","category-salud"],"_links":{"self":[{"href":"https:\/\/sertv.gob.pa\/crisolfm\/wp-json\/wp\/v2\/posts\/63751","targetHints":{"allow":["GET"]}}],"collection":[{"href":"https:\/\/sertv.gob.pa\/crisolfm\/wp-json\/wp\/v2\/posts"}],"about":[{"href":"https:\/\/sertv.gob.pa\/crisolfm\/wp-json\/wp\/v2\/types\/post"}],"author":[{"embeddable":true,"href":"https:\/\/sertv.gob.pa\/crisolfm\/wp-json\/wp\/v2\/users\/9"}],"replies":[{"embeddable":true,"href":"https:\/\/sertv.gob.pa\/crisolfm\/wp-json\/wp\/v2\/comments?post=63751"}],"version-history":[{"count":1,"href":"https:\/\/sertv.gob.pa\/crisolfm\/wp-json\/wp\/v2\/posts\/63751\/revisions"}],"predecessor-version":[{"id":63753,"href":"https:\/\/sertv.gob.pa\/crisolfm\/wp-json\/wp\/v2\/posts\/63751\/revisions\/63753"}],"wp:featuredmedia":[{"embeddable":true,"href":"https:\/\/sertv.gob.pa\/crisolfm\/wp-json\/wp\/v2\/media\/63752"}],"wp:attachment":[{"href":"https:\/\/sertv.gob.pa\/crisolfm\/wp-json\/wp\/v2\/media?parent=63751"}],"wp:term":[{"taxonomy":"category","embeddable":true,"href":"https:\/\/sertv.gob.pa\/crisolfm\/wp-json\/wp\/v2\/categories?post=63751"},{"taxonomy":"post_tag","embeddable":true,"href":"https:\/\/sertv.gob.pa\/crisolfm\/wp-json\/wp\/v2\/tags?post=63751"}],"curies":[{"name":"wp","href":"https:\/\/api.w.org\/{rel}","templated":true}]}}