{"id":6376,"date":"2016-10-06T16:00:56","date_gmt":"2016-10-06T16:00:56","guid":{"rendered":""},"modified":"2016-10-06T16:00:56","modified_gmt":"2016-10-06T16:00:56","slug":"de-las-costas-de-florida-evacuan-un-millon-y-medio-por-matthew","status":"publish","type":"post","link":"https:\/\/sertv.gob.pa\/crisolfm\/de-las-costas-de-florida-evacuan-un-millon-y-medio-por-matthew\/","title":{"rendered":"De las costas de Florida evac\u00faan un mill\u00f3n y medio por \u2018Matthew\u2019"},"content":{"rendered":"<p>\n Un mill\u00f3n y medio de habitantes  recibieron la orden de  evacuar las costas de Florida  para escapar del poderoso  hurac\u00e1n &ldquo;Matthew&rdquo; , que ya dej\u00f3 27 muertos en el Caribe, anunci\u00f3 este jueves 6 de octubre el gobernador del estado. <\/p>\n<p>\u00a0&ldquo;Estamos particularmente preocupados por  Palm Beach  (sureste de Florida). Es la primera zona que ser\u00e1 golpeada y eso suceder\u00e1 en las pr\u00f3ximas horas. No queda mucho tiempo&rdquo;, advirti\u00f3  Rick Scott  en una rueda de prensa. <\/p>\n<p>La potencia devastadora de &ldquo;Matthew&rdquo; azotaba este jueves el archipi\u00e9lago de las  Bahamas , luego de dejar al menos 23 muertos en Hait\u00ed, cuatro en Rep\u00fablica Dominicana y grandes da\u00f1os en  Cuba . <\/p>\n<p>&ldquo;Queda poco tiempo&rdquo;, manifest\u00f3 el gobernador. &ldquo;Esperamos lo mejor, pero nos preparamos para lo peor&rdquo;, agreg\u00f3. \u00a0Y anunci\u00f3 que puso a disposici\u00f3n a mil miembros adicionales de la Guardia Nacional, lo que aumenta a 2 mil 500 el total de efectivos preparados para ayudar en las evacuaciones y la organizaci\u00f3n de los refugios. <\/p>\n","protected":false},"excerpt":{"rendered":"<p>Un mill\u00f3n y medio de habitantes recibieron la orden de <a href=\"https:\/\/sertv.gob.pa\/crisolfm\/de-las-costas-de-florida-evacuan-un-millon-y-medio-por-matthew\/\"> [&#8230;]<\/a><\/p>\n","protected":false},"author":1,"featured_media":6377,"comment_status":"closed","ping_status":"closed","sticky":false,"template":"","format":"standard","meta":{"footnotes":""},"categories":[7],"tags":[],"class_list":["post-6376","post","type-post","status-publish","format-standard","has-post-thumbnail","hentry","category-ecologicas"],"_links":{"self":[{"href":"https:\/\/sertv.gob.pa\/crisolfm\/wp-json\/wp\/v2\/posts\/6376","targetHints":{"allow":["GET"]}}],"collection":[{"href":"https:\/\/sertv.gob.pa\/crisolfm\/wp-json\/wp\/v2\/posts"}],"about":[{"href":"https:\/\/sertv.gob.pa\/crisolfm\/wp-json\/wp\/v2\/types\/post"}],"author":[{"embeddable":true,"href":"https:\/\/sertv.gob.pa\/crisolfm\/wp-json\/wp\/v2\/users\/1"}],"replies":[{"embeddable":true,"href":"https:\/\/sertv.gob.pa\/crisolfm\/wp-json\/wp\/v2\/comments?post=6376"}],"version-history":[{"count":0,"href":"https:\/\/sertv.gob.pa\/crisolfm\/wp-json\/wp\/v2\/posts\/6376\/revisions"}],"wp:featuredmedia":[{"embeddable":true,"href":"https:\/\/sertv.gob.pa\/crisolfm\/wp-json\/wp\/v2\/media\/6377"}],"wp:attachment":[{"href":"https:\/\/sertv.gob.pa\/crisolfm\/wp-json\/wp\/v2\/media?parent=6376"}],"wp:term":[{"taxonomy":"category","embeddable":true,"href":"https:\/\/sertv.gob.pa\/crisolfm\/wp-json\/wp\/v2\/categories?post=6376"},{"taxonomy":"post_tag","embeddable":true,"href":"https:\/\/sertv.gob.pa\/crisolfm\/wp-json\/wp\/v2\/tags?post=6376"}],"curies":[{"name":"wp","href":"https:\/\/api.w.org\/{rel}","templated":true}]}}