{"id":63804,"date":"2024-08-22T15:53:19","date_gmt":"2024-08-22T15:53:19","guid":{"rendered":"https:\/\/sertv.gob.pa\/crisolfm\/?p=63804"},"modified":"2024-08-22T15:53:19","modified_gmt":"2024-08-22T15:53:19","slug":"estudiantes-del-programa-de-paralisis-cerebral-confeccionan-bolsas-reutilizables","status":"publish","type":"post","link":"https:\/\/sertv.gob.pa\/crisolfm\/estudiantes-del-programa-de-paralisis-cerebral-confeccionan-bolsas-reutilizables\/","title":{"rendered":"Estudiantes del Programa de Par\u00e1lisis Cerebral confeccionan bolsas reutilizables"},"content":{"rendered":"<p><strong><em>Con la intenci\u00f3n de fomentar el desarrollo de habilidades neuromotoras y aprendizajes en general, 20 estudiantes del Programa de Par\u00e1lisis Cerebral del Instituto Paname\u00f1o de Habilitaci\u00f3n Especial (IPHE), confeccionaron bolsas reutilizables, utilizando diferentes materiales con caracter\u00edsticas propicias a su condici\u00f3n.<\/em><\/strong><\/p>\n<p><strong><em>Entre los materiales utilizados, est\u00e1n algod\u00f3n, un recurso natural, biodegradable y suave, que resulta ideal por su facilidad de manejo; lona, que destaca por su resistencia y durabilidad, perfecta para soportar mayor peso; el yute, que es ecol\u00f3gico y biodegradable, aunque puede presentar cierta dificultad al ser trabajado; el polipropileno reciclado, ligero, resistente y reciclable; y la tela no tejida, que es f\u00e1cil de cortar y coser, adem\u00e1s de ofrecer una amplia gama de colores y grosores.<\/em><\/strong><\/p>\n<p><strong><em>Estas elecciones de materiales, adem\u00e1s de contribuir a la sostenibilidad ambiental, tambi\u00e9n brindan una experiencia inclusiva y terap\u00e9utica para los alumnos. Los estudiantes pertenecen a los salones de las docentes de educaci\u00f3n especial, Levinka Famiglietti y Zayuli V\u00e1squez de \u00c1vila,<\/em><\/strong><\/p>\n<p><strong><em>A trav\u00e9s de esta actividad, los alumnos desarrollan habilidades motoras como la costura y el manejo de materiales, que ayudan a mejorar la coordinaci\u00f3n y la destreza manual; as\u00ed como la creatividad y expresi\u00f3n que permite a los estudiantes expresar su creatividad a trav\u00e9s del dise\u00f1o y la personalizaci\u00f3n de las bolsas; adem\u00e1s de fortalecer la inclusi\u00f3n, autoestima, y el sentido de pertenencia.<\/em><\/strong><\/p>\n<p><strong><em>\u00a0<\/em><\/strong><\/p>\n<p>Fuente: IPHE<\/p>\n","protected":false},"excerpt":{"rendered":"<p>Con la intenci\u00f3n de fomentar el desarrollo de habilidades neuromotoras <a href=\"https:\/\/sertv.gob.pa\/crisolfm\/estudiantes-del-programa-de-paralisis-cerebral-confeccionan-bolsas-reutilizables\/\"> [&#8230;]<\/a><\/p>\n","protected":false},"author":9,"featured_media":63805,"comment_status":"closed","ping_status":"closed","sticky":false,"template":"","format":"standard","meta":{"footnotes":""},"categories":[14],"tags":[],"class_list":["post-63804","post","type-post","status-publish","format-standard","has-post-thumbnail","hentry","category-salud"],"_links":{"self":[{"href":"https:\/\/sertv.gob.pa\/crisolfm\/wp-json\/wp\/v2\/posts\/63804","targetHints":{"allow":["GET"]}}],"collection":[{"href":"https:\/\/sertv.gob.pa\/crisolfm\/wp-json\/wp\/v2\/posts"}],"about":[{"href":"https:\/\/sertv.gob.pa\/crisolfm\/wp-json\/wp\/v2\/types\/post"}],"author":[{"embeddable":true,"href":"https:\/\/sertv.gob.pa\/crisolfm\/wp-json\/wp\/v2\/users\/9"}],"replies":[{"embeddable":true,"href":"https:\/\/sertv.gob.pa\/crisolfm\/wp-json\/wp\/v2\/comments?post=63804"}],"version-history":[{"count":1,"href":"https:\/\/sertv.gob.pa\/crisolfm\/wp-json\/wp\/v2\/posts\/63804\/revisions"}],"predecessor-version":[{"id":63806,"href":"https:\/\/sertv.gob.pa\/crisolfm\/wp-json\/wp\/v2\/posts\/63804\/revisions\/63806"}],"wp:featuredmedia":[{"embeddable":true,"href":"https:\/\/sertv.gob.pa\/crisolfm\/wp-json\/wp\/v2\/media\/63805"}],"wp:attachment":[{"href":"https:\/\/sertv.gob.pa\/crisolfm\/wp-json\/wp\/v2\/media?parent=63804"}],"wp:term":[{"taxonomy":"category","embeddable":true,"href":"https:\/\/sertv.gob.pa\/crisolfm\/wp-json\/wp\/v2\/categories?post=63804"},{"taxonomy":"post_tag","embeddable":true,"href":"https:\/\/sertv.gob.pa\/crisolfm\/wp-json\/wp\/v2\/tags?post=63804"}],"curies":[{"name":"wp","href":"https:\/\/api.w.org\/{rel}","templated":true}]}}