{"id":63807,"date":"2024-08-22T17:04:05","date_gmt":"2024-08-22T17:04:05","guid":{"rendered":"https:\/\/sertv.gob.pa\/crisolfm\/?p=63807"},"modified":"2024-08-22T17:04:05","modified_gmt":"2024-08-22T17:04:05","slug":"viceministro-de-salud-participa-en-el-concejo-provincial-de-herrera","status":"publish","type":"post","link":"https:\/\/sertv.gob.pa\/crisolfm\/viceministro-de-salud-participa-en-el-concejo-provincial-de-herrera\/","title":{"rendered":"Viceministro de Salud participa en el Concejo Provincial de Herrera"},"content":{"rendered":"<p><strong><em>Herrera, <\/em><\/strong><\/p>\n<p><strong><em>\u00a0<\/em><\/strong><\/p>\n<p><strong><em>El viceministro de Salud de Panam\u00e1, Manuel Zambrano Chang, visit\u00f3 el Concejo Provincial de Herrera, donde se reuni\u00f3 con los concejales de los siete distritos de la provincia, a fin de abordar diversos temas de salud p\u00fablica y el bienestar de la comunidad.<\/em><\/strong><\/p>\n<p><strong><em>Durante la reuni\u00f3n, Zambrano escuch\u00f3 atentamente las inquietudes de los concejales, quienes expresaron la necesidad de ampliar los horarios de los servicios de salud, mejorar el equipamiento de los centros m\u00e9dicos, reabrir subcentros que se mantienen cerrados, y asegurar el acceso a agua potable en las \u00e1reas m\u00e1s necesitadas.<\/em><\/strong><\/p>\n<p><strong><em>Los concejales destacaron la importancia de aumentar la cobertura y mejorar la calidad de los servicios m\u00e9dicos en todos los distritos, especialmente en las zonas rurales donde el acceso es limitado, y solicitaron se fortalezca la capacidad de respuesta en casos de urgencias, con nuevas ambulancias.<\/em><\/strong><\/p>\n<p><strong><em>As\u00ed mismo, solicitaron incluir en los pr\u00f3ximos presupuestos, la construcci\u00f3n de un nuevo hospital general en Chitr\u00e9, mejorar infraestructuras existentes las cuales se han quedado peque\u00f1as dado el crecimiento poblacional, evaluar el nombramiento de m\u00e9dicos y especialistas, y la dotaci\u00f3n de equipo de laboratorios cl\u00ednicos en aquellos sitios donde no hay la cobertura.<\/em><\/strong><\/p>\n<p><strong><em>El viceministro, acompa\u00f1ado por el director regional de Salud en Herrera, Hilario Correa, de la directora nacional de Provisi\u00f3n de Servicios, Karen Holder, y el director de Recursos Humanos, C\u00e9sar Benavides, se comprometieron a realizar el debido seguimiento a las solicitudes de los concejales de la provincia de Herrera.<\/em><\/strong><\/p>\n<p><strong><em>\u201cEsta visita es una oportunidad valiosa para escuchar de primera mano las consultas de los representantes locales y trabajar juntos en la b\u00fasqueda de soluciones que beneficien a toda la comunidad,\u201d afirm\u00f3 Zambrano,<\/em><\/strong><\/p>\n<p><strong><em>\u201cEstamos aqu\u00ed para apoyar y garantizar que todos los ciudadanos de Herrera reciban la atenci\u00f3n y los recursos que merecen\u201d, reiter\u00f3.<\/em><\/strong><\/p>\n<p><strong><em>La reuni\u00f3n concluy\u00f3 con un compromiso mutuo de seguir colaborando y realizando un seguimiento de los temas abordados.<\/em><\/strong><\/p>\n<p><strong><em>\u00a0<\/em><\/strong><\/p>\n<p>Fuente: MINSA<\/p>\n","protected":false},"excerpt":{"rendered":"<p>Herrera, \u00a0 El viceministro de Salud de Panam\u00e1, Manuel Zambrano <a href=\"https:\/\/sertv.gob.pa\/crisolfm\/viceministro-de-salud-participa-en-el-concejo-provincial-de-herrera\/\"> [&#8230;]<\/a><\/p>\n","protected":false},"author":9,"featured_media":63808,"comment_status":"closed","ping_status":"closed","sticky":false,"template":"","format":"standard","meta":{"footnotes":""},"categories":[14],"tags":[],"class_list":["post-63807","post","type-post","status-publish","format-standard","has-post-thumbnail","hentry","category-salud"],"_links":{"self":[{"href":"https:\/\/sertv.gob.pa\/crisolfm\/wp-json\/wp\/v2\/posts\/63807","targetHints":{"allow":["GET"]}}],"collection":[{"href":"https:\/\/sertv.gob.pa\/crisolfm\/wp-json\/wp\/v2\/posts"}],"about":[{"href":"https:\/\/sertv.gob.pa\/crisolfm\/wp-json\/wp\/v2\/types\/post"}],"author":[{"embeddable":true,"href":"https:\/\/sertv.gob.pa\/crisolfm\/wp-json\/wp\/v2\/users\/9"}],"replies":[{"embeddable":true,"href":"https:\/\/sertv.gob.pa\/crisolfm\/wp-json\/wp\/v2\/comments?post=63807"}],"version-history":[{"count":1,"href":"https:\/\/sertv.gob.pa\/crisolfm\/wp-json\/wp\/v2\/posts\/63807\/revisions"}],"predecessor-version":[{"id":63809,"href":"https:\/\/sertv.gob.pa\/crisolfm\/wp-json\/wp\/v2\/posts\/63807\/revisions\/63809"}],"wp:featuredmedia":[{"embeddable":true,"href":"https:\/\/sertv.gob.pa\/crisolfm\/wp-json\/wp\/v2\/media\/63808"}],"wp:attachment":[{"href":"https:\/\/sertv.gob.pa\/crisolfm\/wp-json\/wp\/v2\/media?parent=63807"}],"wp:term":[{"taxonomy":"category","embeddable":true,"href":"https:\/\/sertv.gob.pa\/crisolfm\/wp-json\/wp\/v2\/categories?post=63807"},{"taxonomy":"post_tag","embeddable":true,"href":"https:\/\/sertv.gob.pa\/crisolfm\/wp-json\/wp\/v2\/tags?post=63807"}],"curies":[{"name":"wp","href":"https:\/\/api.w.org\/{rel}","templated":true}]}}