{"id":63816,"date":"2024-08-22T18:00:56","date_gmt":"2024-08-22T18:00:56","guid":{"rendered":"https:\/\/sertv.gob.pa\/crisolfm\/?p=63816"},"modified":"2024-08-22T18:02:50","modified_gmt":"2024-08-22T18:02:50","slug":"kamala-harris-aceptara-esta-noche-la-nominacion-democrata-a-la-presidencia-de-ee-uu","status":"publish","type":"post","link":"https:\/\/sertv.gob.pa\/crisolfm\/kamala-harris-aceptara-esta-noche-la-nominacion-democrata-a-la-presidencia-de-ee-uu\/","title":{"rendered":"Kamala Harris aceptar\u00e1 esta noche la nominaci\u00f3n dem\u00f3crata a la Presidencia de EE.UU."},"content":{"rendered":"<p><strong><em>Chicago (EE.UU.) (EFE).- <\/em><\/strong><em>La vicepresidenta de Estados Unidos, Kamala Harris, pronunciar\u00e1 esta noche su esperado discurso para aceptar la nominaci\u00f3n dem\u00f3crata a la Casa Blanca durante la convenci\u00f3n del partido en Chicago, tras el cual ser\u00e1 coronada con la tradicional lluvia de globos y confeti.<\/em><\/p>\n<p><em>El discurso de Harris tendr\u00e1 lugar en la noche de hoy, en horario de m\u00e1xima audiencia, para que pueda transmitirse en directo por las principales cadenas de televisi\u00f3n estadounidenses.<\/em><\/p>\n<p><em>Durante su intervenci\u00f3n, la vicepresidenta buscar\u00e1 definirse ante los votantes narrando su historia personal, contrastar\u00e1 su visi\u00f3n optimista con la \u201coscuridad\u201d de Trump y basar\u00e1 su ideario en un fuerte sentido patri\u00f3tico, seg\u00fan detall\u00f3 a la prensa una fuente pr\u00f3xima a la preparaci\u00f3n del discurso.<\/em><\/p>\n","protected":false},"excerpt":{"rendered":"<p>Chicago (EE.UU.) (EFE).- La vicepresidenta de Estados Unidos, Kamala Harris, <a href=\"https:\/\/sertv.gob.pa\/crisolfm\/kamala-harris-aceptara-esta-noche-la-nominacion-democrata-a-la-presidencia-de-ee-uu\/\"> [&#8230;]<\/a><\/p>\n","protected":false},"author":9,"featured_media":63817,"comment_status":"closed","ping_status":"closed","sticky":false,"template":"","format":"standard","meta":{"footnotes":""},"categories":[13],"tags":[],"class_list":["post-63816","post","type-post","status-publish","format-standard","has-post-thumbnail","hentry","category-internacionales"],"_links":{"self":[{"href":"https:\/\/sertv.gob.pa\/crisolfm\/wp-json\/wp\/v2\/posts\/63816","targetHints":{"allow":["GET"]}}],"collection":[{"href":"https:\/\/sertv.gob.pa\/crisolfm\/wp-json\/wp\/v2\/posts"}],"about":[{"href":"https:\/\/sertv.gob.pa\/crisolfm\/wp-json\/wp\/v2\/types\/post"}],"author":[{"embeddable":true,"href":"https:\/\/sertv.gob.pa\/crisolfm\/wp-json\/wp\/v2\/users\/9"}],"replies":[{"embeddable":true,"href":"https:\/\/sertv.gob.pa\/crisolfm\/wp-json\/wp\/v2\/comments?post=63816"}],"version-history":[{"count":1,"href":"https:\/\/sertv.gob.pa\/crisolfm\/wp-json\/wp\/v2\/posts\/63816\/revisions"}],"predecessor-version":[{"id":63818,"href":"https:\/\/sertv.gob.pa\/crisolfm\/wp-json\/wp\/v2\/posts\/63816\/revisions\/63818"}],"wp:featuredmedia":[{"embeddable":true,"href":"https:\/\/sertv.gob.pa\/crisolfm\/wp-json\/wp\/v2\/media\/63817"}],"wp:attachment":[{"href":"https:\/\/sertv.gob.pa\/crisolfm\/wp-json\/wp\/v2\/media?parent=63816"}],"wp:term":[{"taxonomy":"category","embeddable":true,"href":"https:\/\/sertv.gob.pa\/crisolfm\/wp-json\/wp\/v2\/categories?post=63816"},{"taxonomy":"post_tag","embeddable":true,"href":"https:\/\/sertv.gob.pa\/crisolfm\/wp-json\/wp\/v2\/tags?post=63816"}],"curies":[{"name":"wp","href":"https:\/\/api.w.org\/{rel}","templated":true}]}}