{"id":6382,"date":"2016-10-07T15:23:48","date_gmt":"2016-10-07T15:23:48","guid":{"rendered":""},"modified":"2016-10-07T15:23:48","modified_gmt":"2016-10-07T15:23:48","slug":"el-4-de-noviembre-entrara-en-vigor-acuerdo-climatico-de-paris","status":"publish","type":"post","link":"https:\/\/sertv.gob.pa\/crisolfm\/el-4-de-noviembre-entrara-en-vigor-acuerdo-climatico-de-paris\/","title":{"rendered":"El 4 de noviembre entrar\u00e1 en vigor acuerdo clim\u00e1tico de Paris"},"content":{"rendered":"<p>\nEl acuerdo clim\u00e1tico de Par\u00eds entrar\u00e1 en vigor el 4 de noviembre, con el respaldo de una coalici\u00f3n de los pa\u00edses m\u00e1s contaminantes del planeta y pa\u00edses insulares amenazados por el aumento en el nivel del mar. <\/p>\n<p>El secretario general de la ONU, Ban Ki-moon, defini\u00f3 el s\u00f3lido respaldo internacional al acuerdo como \u00abprueba de la urgencia para tomar acciones\u00bb. <\/p>\n<p>El portavoz asistente de Naciones Unidas, Farhan Haq, manifest\u00f3 que la Uni\u00f3n Europea y otras 10 naciones presentaron el mi\u00e9rcoles sus instrumentos de ratificaci\u00f3n. <\/p>\n<p>El porcentaje de emisiones que ellos representan  super\u00f3 el 55% del l\u00edmite establecido  para que entrara en vigor el tratado, subray\u00f3. <\/p>\n<p>Haq dijo que las 10 naciones fueron: Austria, Bolivia, Canad\u00e1, Francia, Alemania, Hungr\u00eda, Malta, Nepal, Portugal y Eslovaquia. <\/p>\n<p>\u00abMe complace anunciar que el Acuerdo de Par\u00eds cruzar\u00e1 el segundo y \u00faltimo umbral necesario para entrar en vigor a partir del 4 de noviembre de 2016\u00bb, expres\u00f3 Ban en un comunicado emitido desde Europa. <\/p>\n<p>El Acuerdo de Par\u00eds compromete tanto a los pa\u00edses ricos como a los pobres a tomar medidas para limitar el aumento en las temperaturas mundiales, un fen\u00f3meno que est\u00e1 derritiendo glaciares, elevando los niveles del mar y alterando las lluvias. <\/p>\n<p>\u00a0 <\/p>\n","protected":false},"excerpt":{"rendered":"<p>El acuerdo clim\u00e1tico de Par\u00eds entrar\u00e1 en vigor el 4 <a href=\"https:\/\/sertv.gob.pa\/crisolfm\/el-4-de-noviembre-entrara-en-vigor-acuerdo-climatico-de-paris\/\"> [&#8230;]<\/a><\/p>\n","protected":false},"author":1,"featured_media":6383,"comment_status":"closed","ping_status":"closed","sticky":false,"template":"","format":"standard","meta":{"footnotes":""},"categories":[7],"tags":[],"class_list":["post-6382","post","type-post","status-publish","format-standard","has-post-thumbnail","hentry","category-ecologicas"],"_links":{"self":[{"href":"https:\/\/sertv.gob.pa\/crisolfm\/wp-json\/wp\/v2\/posts\/6382","targetHints":{"allow":["GET"]}}],"collection":[{"href":"https:\/\/sertv.gob.pa\/crisolfm\/wp-json\/wp\/v2\/posts"}],"about":[{"href":"https:\/\/sertv.gob.pa\/crisolfm\/wp-json\/wp\/v2\/types\/post"}],"author":[{"embeddable":true,"href":"https:\/\/sertv.gob.pa\/crisolfm\/wp-json\/wp\/v2\/users\/1"}],"replies":[{"embeddable":true,"href":"https:\/\/sertv.gob.pa\/crisolfm\/wp-json\/wp\/v2\/comments?post=6382"}],"version-history":[{"count":0,"href":"https:\/\/sertv.gob.pa\/crisolfm\/wp-json\/wp\/v2\/posts\/6382\/revisions"}],"wp:featuredmedia":[{"embeddable":true,"href":"https:\/\/sertv.gob.pa\/crisolfm\/wp-json\/wp\/v2\/media\/6383"}],"wp:attachment":[{"href":"https:\/\/sertv.gob.pa\/crisolfm\/wp-json\/wp\/v2\/media?parent=6382"}],"wp:term":[{"taxonomy":"category","embeddable":true,"href":"https:\/\/sertv.gob.pa\/crisolfm\/wp-json\/wp\/v2\/categories?post=6382"},{"taxonomy":"post_tag","embeddable":true,"href":"https:\/\/sertv.gob.pa\/crisolfm\/wp-json\/wp\/v2\/tags?post=6382"}],"curies":[{"name":"wp","href":"https:\/\/api.w.org\/{rel}","templated":true}]}}