{"id":6388,"date":"2016-10-07T19:18:02","date_gmt":"2016-10-07T19:18:02","guid":{"rendered":""},"modified":"2016-10-07T19:18:02","modified_gmt":"2016-10-07T19:18:02","slug":"inundaciones-en-sectores-del-distrito-de-mariato","status":"publish","type":"post","link":"https:\/\/sertv.gob.pa\/crisolfm\/inundaciones-en-sectores-del-distrito-de-mariato\/","title":{"rendered":"Inundaciones en sectores del distrito de Mariato"},"content":{"rendered":"<p>\nLas  fuertes lluvias  registradas en la provincia de  Veraguas \u00a0en horas del mediod\u00eda de ayer jueves 6 de octubre ocasionaron el desbordamiento del r\u00edo Quebro en Mariato. <\/p>\n<p>Miembros del  Sistema Nacional de Protecci\u00f3n Civil \u00a0(Sinaproc)\u00a0coordinan el traslado de asistencia humanitaria para las  25 familias  afectadas por las inundaciones en los sectores de Arenas y Quebro. Un informe del Ministerio de Vivienda y Ordenamiento Territorial (Miviot) da a conocer que el sector de Cascajilloso igualmente result\u00f3 afectado. <\/p>\n<p>Roldan Pineda, director regional del Miviot inform\u00f3 que este viernes se efectuar\u00e1 una reuni\u00f3n con las autoridades locales del distrito, para buscar una soluci\u00f3n y reubicar a las familias damnificadas que viven en las \u00e1reas que el Sinaproc calific\u00f3 de inundables. <\/p>\n<p>Agreg\u00f3 que \u00a0durante el periodo invernal \u00e9stas y otras \u00e1reas de Mariato registran inundaciones y afectaciones en viviendas y cultivos, como consecuencia del mal terreno y los caudales de los r\u00edos, por lo que se hace necesario reubicar a todas las familias que viven en las zonas. <\/p>\n<p>Las casas afectadas alcanzaron un nivel de agua entre uno y dos\u00a0pies de altura.\u00a0 <\/p>\n<p>\u00a0 <\/p>\n","protected":false},"excerpt":{"rendered":"<p>Las fuertes lluvias registradas en la provincia de Veraguas \u00a0en <a href=\"https:\/\/sertv.gob.pa\/crisolfm\/inundaciones-en-sectores-del-distrito-de-mariato\/\"> [&#8230;]<\/a><\/p>\n","protected":false},"author":1,"featured_media":6389,"comment_status":"closed","ping_status":"closed","sticky":false,"template":"","format":"standard","meta":{"footnotes":""},"categories":[7],"tags":[],"class_list":["post-6388","post","type-post","status-publish","format-standard","has-post-thumbnail","hentry","category-ecologicas"],"_links":{"self":[{"href":"https:\/\/sertv.gob.pa\/crisolfm\/wp-json\/wp\/v2\/posts\/6388","targetHints":{"allow":["GET"]}}],"collection":[{"href":"https:\/\/sertv.gob.pa\/crisolfm\/wp-json\/wp\/v2\/posts"}],"about":[{"href":"https:\/\/sertv.gob.pa\/crisolfm\/wp-json\/wp\/v2\/types\/post"}],"author":[{"embeddable":true,"href":"https:\/\/sertv.gob.pa\/crisolfm\/wp-json\/wp\/v2\/users\/1"}],"replies":[{"embeddable":true,"href":"https:\/\/sertv.gob.pa\/crisolfm\/wp-json\/wp\/v2\/comments?post=6388"}],"version-history":[{"count":0,"href":"https:\/\/sertv.gob.pa\/crisolfm\/wp-json\/wp\/v2\/posts\/6388\/revisions"}],"wp:featuredmedia":[{"embeddable":true,"href":"https:\/\/sertv.gob.pa\/crisolfm\/wp-json\/wp\/v2\/media\/6389"}],"wp:attachment":[{"href":"https:\/\/sertv.gob.pa\/crisolfm\/wp-json\/wp\/v2\/media?parent=6388"}],"wp:term":[{"taxonomy":"category","embeddable":true,"href":"https:\/\/sertv.gob.pa\/crisolfm\/wp-json\/wp\/v2\/categories?post=6388"},{"taxonomy":"post_tag","embeddable":true,"href":"https:\/\/sertv.gob.pa\/crisolfm\/wp-json\/wp\/v2\/tags?post=6388"}],"curies":[{"name":"wp","href":"https:\/\/api.w.org\/{rel}","templated":true}]}}