{"id":63905,"date":"2024-08-26T15:13:09","date_gmt":"2024-08-26T15:13:09","guid":{"rendered":"https:\/\/sertv.gob.pa\/crisolfm\/?p=63905"},"modified":"2024-08-26T15:13:09","modified_gmt":"2024-08-26T15:13:09","slug":"gobierno-anuncia-plan-de-mejoras-del-casco-antiguo-y-retira-barreras","status":"publish","type":"post","link":"https:\/\/sertv.gob.pa\/crisolfm\/gobierno-anuncia-plan-de-mejoras-del-casco-antiguo-y-retira-barreras\/","title":{"rendered":"Gobierno anuncia plan de mejoras del Casco Antiguo y retira barreras"},"content":{"rendered":"<p><strong><em>Este viernes se procedi\u00f3 a retirar las bardas que se mantuvieron durante las dos administraciones pasadas en las inmediaciones del Palacio de Las Garzas y alrededores de la Plaza Catedral, las cuales incomodaban a los nacionales y turistas que visitaban el \u00e1rea por instrucciones de Juan Carlos Orillac, ministro de la Presidencia.<\/em><\/strong><\/p>\n<p><strong><em>En un recorrido por el \u00e1rea, el ministro, tambi\u00e9n indic\u00f3 que, en las pr\u00f3ximas semanas se har\u00e1 un operativo de limpieza en general, revisi\u00f3n y cambio de luminarias y se implementar\u00e1 un plan de seguridad, para mejorar uno de los lugares m\u00e1s visitados y tur\u00edsticos que es el Casco Antiguo de la ciudad de Panam\u00e1, siguiendo instrucciones del presidente, Jos\u00e9 Ra\u00fal Mulino.<\/em><\/strong><\/p>\n<p><strong><em>\u00a0<\/em><\/strong><\/p>\n<p>Fuente: Presidencia de la Rep\u00fablica de Panam\u00e1<\/p>\n","protected":false},"excerpt":{"rendered":"<p>Este viernes se procedi\u00f3 a retirar las bardas que se <a href=\"https:\/\/sertv.gob.pa\/crisolfm\/gobierno-anuncia-plan-de-mejoras-del-casco-antiguo-y-retira-barreras\/\"> [&#8230;]<\/a><\/p>\n","protected":false},"author":9,"featured_media":63906,"comment_status":"closed","ping_status":"closed","sticky":false,"template":"","format":"standard","meta":{"footnotes":""},"categories":[12],"tags":[],"class_list":["post-63905","post","type-post","status-publish","format-standard","has-post-thumbnail","hentry","category-nacionales"],"_links":{"self":[{"href":"https:\/\/sertv.gob.pa\/crisolfm\/wp-json\/wp\/v2\/posts\/63905","targetHints":{"allow":["GET"]}}],"collection":[{"href":"https:\/\/sertv.gob.pa\/crisolfm\/wp-json\/wp\/v2\/posts"}],"about":[{"href":"https:\/\/sertv.gob.pa\/crisolfm\/wp-json\/wp\/v2\/types\/post"}],"author":[{"embeddable":true,"href":"https:\/\/sertv.gob.pa\/crisolfm\/wp-json\/wp\/v2\/users\/9"}],"replies":[{"embeddable":true,"href":"https:\/\/sertv.gob.pa\/crisolfm\/wp-json\/wp\/v2\/comments?post=63905"}],"version-history":[{"count":1,"href":"https:\/\/sertv.gob.pa\/crisolfm\/wp-json\/wp\/v2\/posts\/63905\/revisions"}],"predecessor-version":[{"id":63907,"href":"https:\/\/sertv.gob.pa\/crisolfm\/wp-json\/wp\/v2\/posts\/63905\/revisions\/63907"}],"wp:featuredmedia":[{"embeddable":true,"href":"https:\/\/sertv.gob.pa\/crisolfm\/wp-json\/wp\/v2\/media\/63906"}],"wp:attachment":[{"href":"https:\/\/sertv.gob.pa\/crisolfm\/wp-json\/wp\/v2\/media?parent=63905"}],"wp:term":[{"taxonomy":"category","embeddable":true,"href":"https:\/\/sertv.gob.pa\/crisolfm\/wp-json\/wp\/v2\/categories?post=63905"},{"taxonomy":"post_tag","embeddable":true,"href":"https:\/\/sertv.gob.pa\/crisolfm\/wp-json\/wp\/v2\/tags?post=63905"}],"curies":[{"name":"wp","href":"https:\/\/api.w.org\/{rel}","templated":true}]}}