{"id":6398,"date":"2016-10-10T15:53:11","date_gmt":"2016-10-10T15:53:11","guid":{"rendered":""},"modified":"2016-10-10T15:53:11","modified_gmt":"2016-10-10T15:53:11","slug":"372-muertos-en-haiti-por-huracan-matthew","status":"publish","type":"post","link":"https:\/\/sertv.gob.pa\/crisolfm\/372-muertos-en-haiti-por-huracan-matthew\/","title":{"rendered":"372 muertos en Hait\u00ed por hurac\u00e1n Matthew"},"content":{"rendered":"<p>\nEl devastador  hurac\u00e1n Matthew  dej\u00f3 al menos 372 muertos, 4 desaparecidos y 246 heridos en Hait\u00ed, manifest\u00f3 este lunes la Protecci\u00f3n Civil. <\/p>\n<p>El balance precedente daba cuenta de 336 fallecidos. Igualmente m\u00e1s de 175 mil personas permanecen en refugios provisorios. <\/p>\n<p>En  Grande Anse , el departamento m\u00e1s afectado, en el sur del pa\u00eds, hubo 198 muertos, 97 heridos y 99 mil 400 refugiados. <\/p>\n<p>Hait\u00ed, que todav\u00eda no se recupera del terremoto de 2010, empez\u00f3 el domingo un duelo de tres d\u00edas ante la nueva crisis humanitaria generada por  Matthew  que azot\u00f3 el martes como hurac\u00e1n categor\u00eda 4 al pa\u00eds m\u00e1s pobre de las Am\u00e9ricas, afectado adem\u00e1s por una epidemia de c\u00f3lera. <\/p>\n<p>Grandes zonas permanec\u00edan aisladas el domingo, mientras que un mill\u00f3n de personas est\u00e1n urgidas, seg\u00fan la  ONU , de ayuda humanitaria. <\/p>\n<p>Luego de atacar con furia a  Hait\u00ed , Matthew pas\u00f3 por Cuba, Jamaica, las Bahamas, y despu\u00e9s al sureste de Estados Unidos, donde dej\u00f3 17 muertos. <\/p>\n<p>\u00a0 <\/p>\n","protected":false},"excerpt":{"rendered":"<p>El devastador hurac\u00e1n Matthew dej\u00f3 al menos 372 muertos, 4 <a href=\"https:\/\/sertv.gob.pa\/crisolfm\/372-muertos-en-haiti-por-huracan-matthew\/\"> [&#8230;]<\/a><\/p>\n","protected":false},"author":1,"featured_media":6399,"comment_status":"closed","ping_status":"closed","sticky":false,"template":"","format":"standard","meta":{"footnotes":""},"categories":[7],"tags":[],"class_list":["post-6398","post","type-post","status-publish","format-standard","has-post-thumbnail","hentry","category-ecologicas"],"_links":{"self":[{"href":"https:\/\/sertv.gob.pa\/crisolfm\/wp-json\/wp\/v2\/posts\/6398","targetHints":{"allow":["GET"]}}],"collection":[{"href":"https:\/\/sertv.gob.pa\/crisolfm\/wp-json\/wp\/v2\/posts"}],"about":[{"href":"https:\/\/sertv.gob.pa\/crisolfm\/wp-json\/wp\/v2\/types\/post"}],"author":[{"embeddable":true,"href":"https:\/\/sertv.gob.pa\/crisolfm\/wp-json\/wp\/v2\/users\/1"}],"replies":[{"embeddable":true,"href":"https:\/\/sertv.gob.pa\/crisolfm\/wp-json\/wp\/v2\/comments?post=6398"}],"version-history":[{"count":0,"href":"https:\/\/sertv.gob.pa\/crisolfm\/wp-json\/wp\/v2\/posts\/6398\/revisions"}],"wp:featuredmedia":[{"embeddable":true,"href":"https:\/\/sertv.gob.pa\/crisolfm\/wp-json\/wp\/v2\/media\/6399"}],"wp:attachment":[{"href":"https:\/\/sertv.gob.pa\/crisolfm\/wp-json\/wp\/v2\/media?parent=6398"}],"wp:term":[{"taxonomy":"category","embeddable":true,"href":"https:\/\/sertv.gob.pa\/crisolfm\/wp-json\/wp\/v2\/categories?post=6398"},{"taxonomy":"post_tag","embeddable":true,"href":"https:\/\/sertv.gob.pa\/crisolfm\/wp-json\/wp\/v2\/tags?post=6398"}],"curies":[{"name":"wp","href":"https:\/\/api.w.org\/{rel}","templated":true}]}}