{"id":64033,"date":"2024-08-28T16:21:26","date_gmt":"2024-08-28T16:21:26","guid":{"rendered":"https:\/\/sertv.gob.pa\/crisolfm\/?p=64033"},"modified":"2024-08-28T16:21:26","modified_gmt":"2024-08-28T16:21:26","slug":"desarrollan-plan-de-accion-contra-el-dengue-en-la-feria","status":"publish","type":"post","link":"https:\/\/sertv.gob.pa\/crisolfm\/desarrollan-plan-de-accion-contra-el-dengue-en-la-feria\/","title":{"rendered":"Desarrollan plan de acci\u00f3n contra el dengue en La Feria"},"content":{"rendered":"<p><strong><em>Col\u00f3n, <\/em><\/strong><\/p>\n<p><strong><em>\u00a0<\/em><\/strong><\/p>\n<p><strong><em>Unas 540 personas que viven en 135 apartamentos en la comunidad de Los Lagos en el corregimiento de Crist\u00f3bal Este, recibieron la visita del personal de Promoci\u00f3n y Educaci\u00f3n de la Salud, Control de vectores de la Regi\u00f3n de Col\u00f3n, para orientar sobre el dengue.<\/em><\/strong><\/p>\n<p><strong><em>La acci\u00f3n comunitaria se desarroll\u00f3 en las multifamiliares de Begonia y Lirio de esta comunidad, donde han reportado casos de dengue.<\/em><\/strong><\/p>\n<p><strong><em>En esta intervenci\u00f3n particip\u00f3 la Polic\u00eda Nacional, dentro del Plan de Acci\u00f3n Conjunta como parte de la gesti\u00f3n comunitaria, anti vectorial contra el dengue, nivel de hogar y predios.\u00a0\u00a0\u00a0\u00a0\u00a0\u00a0\u00a0\u00a0\u00a0\u00a0<\/em><\/strong><\/p>\n<p><strong><em>A las personas, se les entreg\u00f3 informaci\u00f3n escrita con mensajes de refuerzo y se llev\u00f3 a cabo el perifoneo en todo el sector.<\/em><\/strong><\/p>\n<p><strong><em>\u00a0<\/em><\/strong><\/p>\n<p>Fuente: MINSA<\/p>\n","protected":false},"excerpt":{"rendered":"<p>Col\u00f3n, \u00a0 Unas 540 personas que viven en 135 apartamentos <a href=\"https:\/\/sertv.gob.pa\/crisolfm\/desarrollan-plan-de-accion-contra-el-dengue-en-la-feria\/\"> [&#8230;]<\/a><\/p>\n","protected":false},"author":9,"featured_media":64034,"comment_status":"closed","ping_status":"closed","sticky":false,"template":"","format":"standard","meta":{"footnotes":""},"categories":[14],"tags":[],"class_list":["post-64033","post","type-post","status-publish","format-standard","has-post-thumbnail","hentry","category-salud"],"_links":{"self":[{"href":"https:\/\/sertv.gob.pa\/crisolfm\/wp-json\/wp\/v2\/posts\/64033","targetHints":{"allow":["GET"]}}],"collection":[{"href":"https:\/\/sertv.gob.pa\/crisolfm\/wp-json\/wp\/v2\/posts"}],"about":[{"href":"https:\/\/sertv.gob.pa\/crisolfm\/wp-json\/wp\/v2\/types\/post"}],"author":[{"embeddable":true,"href":"https:\/\/sertv.gob.pa\/crisolfm\/wp-json\/wp\/v2\/users\/9"}],"replies":[{"embeddable":true,"href":"https:\/\/sertv.gob.pa\/crisolfm\/wp-json\/wp\/v2\/comments?post=64033"}],"version-history":[{"count":1,"href":"https:\/\/sertv.gob.pa\/crisolfm\/wp-json\/wp\/v2\/posts\/64033\/revisions"}],"predecessor-version":[{"id":64035,"href":"https:\/\/sertv.gob.pa\/crisolfm\/wp-json\/wp\/v2\/posts\/64033\/revisions\/64035"}],"wp:featuredmedia":[{"embeddable":true,"href":"https:\/\/sertv.gob.pa\/crisolfm\/wp-json\/wp\/v2\/media\/64034"}],"wp:attachment":[{"href":"https:\/\/sertv.gob.pa\/crisolfm\/wp-json\/wp\/v2\/media?parent=64033"}],"wp:term":[{"taxonomy":"category","embeddable":true,"href":"https:\/\/sertv.gob.pa\/crisolfm\/wp-json\/wp\/v2\/categories?post=64033"},{"taxonomy":"post_tag","embeddable":true,"href":"https:\/\/sertv.gob.pa\/crisolfm\/wp-json\/wp\/v2\/tags?post=64033"}],"curies":[{"name":"wp","href":"https:\/\/api.w.org\/{rel}","templated":true}]}}