{"id":64063,"date":"2024-08-29T13:33:09","date_gmt":"2024-08-29T13:33:09","guid":{"rendered":"https:\/\/sertv.gob.pa\/crisolfm\/?p=64063"},"modified":"2024-08-29T13:33:09","modified_gmt":"2024-08-29T13:33:09","slug":"presidente-mulino-aborda-con-gremios-docentes-del-pais-la-crisis-de-la-css-y-formula-para-salvarla","status":"publish","type":"post","link":"https:\/\/sertv.gob.pa\/crisolfm\/presidente-mulino-aborda-con-gremios-docentes-del-pais-la-crisis-de-la-css-y-formula-para-salvarla\/","title":{"rendered":"Presidente Mulino aborda con gremios docentes del pa\u00eds la crisis de la CSS y f\u00f3rmula para salvarla"},"content":{"rendered":"<div class=\"fusion-fullwidth fullwidth-box fusion-builder-row-1 fusion-flex-container has-pattern-background has-mask-background nonhundred-percent-fullwidth non-hundred-percent-height-scrolling\" style=\"--awb-border-radius-top-left:0px;--awb-border-radius-top-right:0px;--awb-border-radius-bottom-right:0px;--awb-border-radius-bottom-left:0px;--awb-flex-wrap:wrap;\" ><div class=\"fusion-builder-row fusion-row fusion-flex-align-items-flex-start fusion-flex-content-wrap\" style=\"max-width:1144px;margin-left: calc(-4% \/ 2 );margin-right: calc(-4% \/ 2 );\"><div class=\"fusion-layout-column fusion_builder_column fusion-builder-column-0 fusion_builder_column_1_1 1_1 fusion-flex-column\" style=\"--awb-bg-size:cover;--awb-width-large:100%;--awb-margin-top-large:0px;--awb-spacing-right-large:1.92%;--awb-margin-bottom-large:20px;--awb-spacing-left-large:1.92%;--awb-width-medium:100%;--awb-order-medium:0;--awb-spacing-right-medium:1.92%;--awb-spacing-left-medium:1.92%;--awb-width-small:100%;--awb-order-small:0;--awb-spacing-right-small:1.92%;--awb-spacing-left-small:1.92%;\"><div class=\"fusion-column-wrapper fusion-column-has-shadow fusion-flex-justify-content-flex-start fusion-content-layout-column\"><div class=\"fusion-text fusion-text-1\"><p><strong><em>Tal como se anunci\u00f3 la semana pasada, el presidente de la Rep\u00fablica de Panam\u00e1, Jos\u00e9 Ra\u00fal Mulino, se reuni\u00f3 este mi\u00e9rcoles con dirigentes de 28 organizaciones de gremios docentes para abordar la situaci\u00f3n de la Caja del Seguro Social (CSS), as\u00ed como el esfuerzo o plan que lleva adelante el Gobierno Nacional para salvar la entidad.<\/em><\/strong><\/p>\n<p><strong><em>Durante el encuentro, que se realiz\u00f3 en el Sal\u00f3n Paz del Palacio de Las Garzas, el presidente Mulino, inst\u00f3 a los gremios de educadores a presentar sus propuestas por temas, debidamente sustentadas y realistas, a fin de que, entre todos los aportes que hagan los diversos sectores del pa\u00eds, se pueda concebir un proyecto de reformas para la CSS que ser\u00e1 presentado a la Asamblea Nacional (AN).<\/em><\/strong><\/p>\n<p><strong><em>\u201cLa Caja todos queremos salvarla, hay que salvarla, no hay m\u00e1s excusas que dar, o se resuelve o se resuelve o va a quebrar de verdad. Y la Caja y en toda la agenda internacional de Panam\u00e1 est\u00e1 pendiente de soluci\u00f3n por ser la columna vertebral financiera del Estado paname\u00f1o, en toda su dimensi\u00f3n\u201d, advirti\u00f3 el mandatario.<\/em><\/strong><\/p>\n<p><strong><em>Se\u00f1al\u00f3 que, a diferencia de lo que ha ocurrido en el pasado, su gobierno va a encarar la problem\u00e1tica, sin m\u00e1s larga ni dilaci\u00f3n, dado que el nivel de angustia y situaci\u00f3n social que genera la CSS es muy grande, y destaca como uno de los principales problemas, dentro del tema de salud p\u00fablica, unido al desempleo y el agua.<\/em><\/strong><\/p>\n<p><strong><em>Dijo que, aspira con estas conversaciones -que ya ha sostenido tambi\u00e9n con altos directivos de los partidos pol\u00edticos, del sector privado y de organizaciones de trabajadores- poder concretar una propuesta de reformas para salvar la CSS, la cual ser\u00e1 presentada a la AN, para que se discuta en las sesiones extraordinarias que prev\u00e9 convocar para noviembre y diciembre, de forma tal que en enero de 2025 el gobierno pueda atender otros temas de la agenda nacional igualmente de importantes para el pa\u00eds y los paname\u00f1os.<\/em><\/strong><\/p>\n<p><strong><em>\u201cNo deseo un proceso traum\u00e1tico, mucho menos enfrentamiento entre paname\u00f1os, no lo deseo. Creo que a todos nos anima la intenci\u00f3n de hablar y resolver este tema sin que ello implique una espera de manera indefinida como ha pasado en otras ocasiones, donde ninguno de esos famosos di\u00e1logos ha aterrizado en una propuesta concreta, cre\u00edble o llevadera a la Asamblea Nacional. Deseo liderar este tema dentro de un marco de tiempo, porque el pa\u00eds tiene que avanzar hacia otros temas. Y lo que haya que hacer no va a ser traum\u00e1tico para nadie, ni para los actuales jubilados y pensionados y ni para los pr\u00f3ximos que est\u00e1n por jubilarse\u201d, reiter\u00f3.<\/em><\/strong><\/p>\n<p><strong><em>Asimismo, se\u00f1al\u00f3 que, hay que estar claros en que sea cual sea la f\u00f3rmula para salvar a la CSS, tocar\u00e1 a los paname\u00f1os pagar dicha soluci\u00f3n. En tanto, de la misma forma en que lo ha planteado en las anteriores reuniones, el presidente Mulino, fue categ\u00f3rico en se\u00f1alar que, la Caja no ser\u00e1 privatizada.<\/em><\/strong><\/p>\n<p><strong><em>En el encuentro, el mandatario estuvo acompa\u00f1ado por los ministros (MEDUCA), Lucy Molinar; de la Presidencia, Juan Carlos Orillac; de Salud, Fernando Boyd Galindo, y los asesores Jorge Ricardo F\u00e1brega y Ventura Vega.<\/em><\/strong><\/p>\n<p><strong><em>Dirigentes de organizaciones como Unidad Magisterial Libre (UMALI), Magisterio Paname\u00f1o Unido, Frente de Educadores Independientes (FRENEI), la Asociaci\u00f3n de Maestros Independientes, la Asociaci\u00f3n de Profesores de la Rep\u00fablica de Panam\u00e1 (ASOPROF) y la Asociaci\u00f3n Paname\u00f1a de Educadores (ASPAE), entre otros, participaron de la reuni\u00f3n.<\/em><\/strong><\/p>\n<p>Fuente: Presidencia de la Rep\u00fablica de Panam\u00e1<\/p>\n<\/div><div class=\"awb-gallery-wrapper awb-gallery-wrapper-1 button-span-no\" style=\"--more-btn-alignment:center;\"><div style=\"margin:-5px;--awb-bordersize:0px;\" class=\"fusion-gallery fusion-gallery-container fusion-grid-3 fusion-columns-total-10 fusion-gallery-layout-grid fusion-gallery-1\"><div style=\"padding:5px;\" class=\"fusion-grid-column fusion-gallery-column fusion-gallery-column-3 hover-type-none\"><div class=\"fusion-gallery-image\"><a href=\"https:\/\/sertv.gob.pa\/crisolfm\/wp-content\/uploads\/sites\/2\/2024\/08\/PRESIDENTE-MULINO-CRISIS-CSS-2.jpeg\" rel=\"noreferrer\" data-rel=\"iLightbox[gallery_image_1]\" class=\"fusion-lightbox\" target=\"_self\"><img decoding=\"async\" src=\"https:\/\/sertv.gob.pa\/crisolfm\/wp-content\/uploads\/sites\/2\/2024\/08\/PRESIDENTE-MULINO-CRISIS-CSS-2.jpeg\" width=\"600\" height=\"400\" alt=\"\" title=\"PRESIDENTE MULINO CRISIS CSS 2\" aria-label=\"PRESIDENTE MULINO CRISIS CSS 2\" class=\"img-responsive wp-image-64065\" srcset=\"https:\/\/sertv.gob.pa\/crisolfm\/wp-content\/uploads\/sites\/2\/2024\/08\/PRESIDENTE-MULINO-CRISIS-CSS-2-200x133.jpeg 200w, https:\/\/sertv.gob.pa\/crisolfm\/wp-content\/uploads\/sites\/2\/2024\/08\/PRESIDENTE-MULINO-CRISIS-CSS-2-400x267.jpeg 400w, https:\/\/sertv.gob.pa\/crisolfm\/wp-content\/uploads\/sites\/2\/2024\/08\/PRESIDENTE-MULINO-CRISIS-CSS-2.jpeg 600w\" sizes=\"(min-width: 2200px) 100vw, (min-width: 784px) 363px, (min-width: 712px) 545px, (min-width: 640px) 712px, \" \/><\/a><\/div><\/div><div style=\"padding:5px;\" class=\"fusion-grid-column fusion-gallery-column fusion-gallery-column-3 hover-type-none\"><div class=\"fusion-gallery-image\"><a href=\"https:\/\/sertv.gob.pa\/crisolfm\/wp-content\/uploads\/sites\/2\/2024\/08\/PRESIDENTE-MULINO-CRISIS-CSS-3.jpeg\" rel=\"noreferrer\" data-rel=\"iLightbox[gallery_image_1]\" class=\"fusion-lightbox\" target=\"_self\"><img decoding=\"async\" src=\"https:\/\/sertv.gob.pa\/crisolfm\/wp-content\/uploads\/sites\/2\/2024\/08\/PRESIDENTE-MULINO-CRISIS-CSS-3.jpeg\" width=\"600\" height=\"409\" alt=\"\" title=\"PRESIDENTE MULINO CRISIS CSS 3\" aria-label=\"PRESIDENTE MULINO CRISIS CSS 3\" class=\"img-responsive wp-image-64066\" srcset=\"https:\/\/sertv.gob.pa\/crisolfm\/wp-content\/uploads\/sites\/2\/2024\/08\/PRESIDENTE-MULINO-CRISIS-CSS-3-200x136.jpeg 200w, https:\/\/sertv.gob.pa\/crisolfm\/wp-content\/uploads\/sites\/2\/2024\/08\/PRESIDENTE-MULINO-CRISIS-CSS-3-400x273.jpeg 400w, https:\/\/sertv.gob.pa\/crisolfm\/wp-content\/uploads\/sites\/2\/2024\/08\/PRESIDENTE-MULINO-CRISIS-CSS-3.jpeg 600w\" sizes=\"(min-width: 2200px) 100vw, (min-width: 784px) 363px, (min-width: 712px) 545px, (min-width: 640px) 712px, \" \/><\/a><\/div><\/div><div style=\"padding:5px;\" class=\"fusion-grid-column fusion-gallery-column fusion-gallery-column-3 hover-type-none\"><div class=\"fusion-gallery-image\"><a href=\"https:\/\/sertv.gob.pa\/crisolfm\/wp-content\/uploads\/sites\/2\/2024\/08\/PRESIDENTE-MULINO-CRISIS-CSS-4.jpeg\" rel=\"noreferrer\" data-rel=\"iLightbox[gallery_image_1]\" class=\"fusion-lightbox\" target=\"_self\"><img decoding=\"async\" src=\"https:\/\/sertv.gob.pa\/crisolfm\/wp-content\/uploads\/sites\/2\/2024\/08\/PRESIDENTE-MULINO-CRISIS-CSS-4.jpeg\" width=\"600\" height=\"392\" alt=\"\" title=\"PRESIDENTE MULINO CRISIS CSS 4\" aria-label=\"PRESIDENTE MULINO CRISIS CSS 4\" class=\"img-responsive wp-image-64067\" srcset=\"https:\/\/sertv.gob.pa\/crisolfm\/wp-content\/uploads\/sites\/2\/2024\/08\/PRESIDENTE-MULINO-CRISIS-CSS-4-200x131.jpeg 200w, https:\/\/sertv.gob.pa\/crisolfm\/wp-content\/uploads\/sites\/2\/2024\/08\/PRESIDENTE-MULINO-CRISIS-CSS-4-400x261.jpeg 400w, https:\/\/sertv.gob.pa\/crisolfm\/wp-content\/uploads\/sites\/2\/2024\/08\/PRESIDENTE-MULINO-CRISIS-CSS-4.jpeg 600w\" sizes=\"(min-width: 2200px) 100vw, (min-width: 784px) 363px, (min-width: 712px) 545px, (min-width: 640px) 712px, \" \/><\/a><\/div><\/div><div class=\"clearfix\"><\/div><div style=\"padding:5px;\" class=\"fusion-grid-column fusion-gallery-column fusion-gallery-column-3 hover-type-none\"><div class=\"fusion-gallery-image\"><a href=\"https:\/\/sertv.gob.pa\/crisolfm\/wp-content\/uploads\/sites\/2\/2024\/08\/PRESIDENTE-MULINO-CRISIS-CSS-5.jpeg\" rel=\"noreferrer\" data-rel=\"iLightbox[gallery_image_1]\" class=\"fusion-lightbox\" target=\"_self\"><img decoding=\"async\" src=\"https:\/\/sertv.gob.pa\/crisolfm\/wp-content\/uploads\/sites\/2\/2024\/08\/PRESIDENTE-MULINO-CRISIS-CSS-5.jpeg\" width=\"600\" height=\"400\" alt=\"\" title=\"PRESIDENTE MULINO CRISIS CSS 5\" aria-label=\"PRESIDENTE MULINO CRISIS CSS 5\" class=\"img-responsive wp-image-64069\" srcset=\"https:\/\/sertv.gob.pa\/crisolfm\/wp-content\/uploads\/sites\/2\/2024\/08\/PRESIDENTE-MULINO-CRISIS-CSS-5-200x133.jpeg 200w, https:\/\/sertv.gob.pa\/crisolfm\/wp-content\/uploads\/sites\/2\/2024\/08\/PRESIDENTE-MULINO-CRISIS-CSS-5-400x267.jpeg 400w, https:\/\/sertv.gob.pa\/crisolfm\/wp-content\/uploads\/sites\/2\/2024\/08\/PRESIDENTE-MULINO-CRISIS-CSS-5.jpeg 600w\" sizes=\"(min-width: 2200px) 100vw, (min-width: 784px) 363px, (min-width: 712px) 545px, (min-width: 640px) 712px, \" \/><\/a><\/div><\/div><div style=\"padding:5px;\" class=\"fusion-grid-column fusion-gallery-column fusion-gallery-column-3 hover-type-none\"><div class=\"fusion-gallery-image\"><a href=\"https:\/\/sertv.gob.pa\/crisolfm\/wp-content\/uploads\/sites\/2\/2024\/08\/PRESIDENTE-MULINO-CRISIS-CSS-6.jpeg\" rel=\"noreferrer\" data-rel=\"iLightbox[gallery_image_1]\" class=\"fusion-lightbox\" target=\"_self\"><img decoding=\"async\" src=\"https:\/\/sertv.gob.pa\/crisolfm\/wp-content\/uploads\/sites\/2\/2024\/08\/PRESIDENTE-MULINO-CRISIS-CSS-6.jpeg\" width=\"1417\" height=\"992\" alt=\"\" title=\"PRESIDENTE MULINO CRISIS CSS 6\" aria-label=\"PRESIDENTE MULINO CRISIS CSS 6\" class=\"img-responsive wp-image-64071\" srcset=\"https:\/\/sertv.gob.pa\/crisolfm\/wp-content\/uploads\/sites\/2\/2024\/08\/PRESIDENTE-MULINO-CRISIS-CSS-6-200x140.jpeg 200w, https:\/\/sertv.gob.pa\/crisolfm\/wp-content\/uploads\/sites\/2\/2024\/08\/PRESIDENTE-MULINO-CRISIS-CSS-6-400x280.jpeg 400w, https:\/\/sertv.gob.pa\/crisolfm\/wp-content\/uploads\/sites\/2\/2024\/08\/PRESIDENTE-MULINO-CRISIS-CSS-6-600x420.jpeg 600w, https:\/\/sertv.gob.pa\/crisolfm\/wp-content\/uploads\/sites\/2\/2024\/08\/PRESIDENTE-MULINO-CRISIS-CSS-6-800x560.jpeg 800w, https:\/\/sertv.gob.pa\/crisolfm\/wp-content\/uploads\/sites\/2\/2024\/08\/PRESIDENTE-MULINO-CRISIS-CSS-6-1200x840.jpeg 1200w, https:\/\/sertv.gob.pa\/crisolfm\/wp-content\/uploads\/sites\/2\/2024\/08\/PRESIDENTE-MULINO-CRISIS-CSS-6.jpeg 1417w\" sizes=\"(min-width: 2200px) 100vw, (min-width: 784px) 363px, (min-width: 712px) 545px, (min-width: 640px) 712px, \" \/><\/a><\/div><\/div><div style=\"padding:5px;\" class=\"fusion-grid-column fusion-gallery-column fusion-gallery-column-3 hover-type-none\"><div class=\"fusion-gallery-image\"><a href=\"https:\/\/sertv.gob.pa\/crisolfm\/wp-content\/uploads\/sites\/2\/2024\/08\/PRESIDENTE-MULINO-CRISIS-CSS-7.jpeg\" rel=\"noreferrer\" data-rel=\"iLightbox[gallery_image_1]\" class=\"fusion-lightbox\" target=\"_self\"><img decoding=\"async\" src=\"https:\/\/sertv.gob.pa\/crisolfm\/wp-content\/uploads\/sites\/2\/2024\/08\/PRESIDENTE-MULINO-CRISIS-CSS-7.jpeg\" width=\"600\" height=\"430\" alt=\"\" title=\"PRESIDENTE MULINO CRISIS CSS 7\" aria-label=\"PRESIDENTE MULINO CRISIS CSS 7\" class=\"img-responsive wp-image-64072\" srcset=\"https:\/\/sertv.gob.pa\/crisolfm\/wp-content\/uploads\/sites\/2\/2024\/08\/PRESIDENTE-MULINO-CRISIS-CSS-7-200x143.jpeg 200w, https:\/\/sertv.gob.pa\/crisolfm\/wp-content\/uploads\/sites\/2\/2024\/08\/PRESIDENTE-MULINO-CRISIS-CSS-7-400x287.jpeg 400w, https:\/\/sertv.gob.pa\/crisolfm\/wp-content\/uploads\/sites\/2\/2024\/08\/PRESIDENTE-MULINO-CRISIS-CSS-7.jpeg 600w\" sizes=\"(min-width: 2200px) 100vw, (min-width: 784px) 363px, (min-width: 712px) 545px, (min-width: 640px) 712px, \" \/><\/a><\/div><\/div><div class=\"clearfix\"><\/div><div style=\"padding:5px;\" class=\"fusion-grid-column fusion-gallery-column fusion-gallery-column-3 hover-type-none\"><div class=\"fusion-gallery-image\"><a href=\"https:\/\/sertv.gob.pa\/crisolfm\/wp-content\/uploads\/sites\/2\/2024\/08\/PRESIDENTE-MULINO-CRISIS-CSS-8.jpeg\" rel=\"noreferrer\" data-rel=\"iLightbox[gallery_image_1]\" class=\"fusion-lightbox\" target=\"_self\"><img decoding=\"async\" src=\"https:\/\/sertv.gob.pa\/crisolfm\/wp-content\/uploads\/sites\/2\/2024\/08\/PRESIDENTE-MULINO-CRISIS-CSS-8.jpeg\" width=\"600\" height=\"400\" alt=\"\" title=\"PRESIDENTE MULINO CRISIS CSS 8\" aria-label=\"PRESIDENTE MULINO CRISIS CSS 8\" class=\"img-responsive wp-image-64073\" srcset=\"https:\/\/sertv.gob.pa\/crisolfm\/wp-content\/uploads\/sites\/2\/2024\/08\/PRESIDENTE-MULINO-CRISIS-CSS-8-200x133.jpeg 200w, https:\/\/sertv.gob.pa\/crisolfm\/wp-content\/uploads\/sites\/2\/2024\/08\/PRESIDENTE-MULINO-CRISIS-CSS-8-400x267.jpeg 400w, https:\/\/sertv.gob.pa\/crisolfm\/wp-content\/uploads\/sites\/2\/2024\/08\/PRESIDENTE-MULINO-CRISIS-CSS-8.jpeg 600w\" sizes=\"(min-width: 2200px) 100vw, (min-width: 784px) 363px, (min-width: 712px) 545px, (min-width: 640px) 712px, \" \/><\/a><\/div><\/div><div style=\"padding:5px;\" class=\"fusion-grid-column fusion-gallery-column fusion-gallery-column-3 hover-type-none\"><div class=\"fusion-gallery-image\"><a href=\"https:\/\/sertv.gob.pa\/crisolfm\/wp-content\/uploads\/sites\/2\/2024\/08\/PRESIDENTE-MULINO-CRISIS-CSS-9.jpeg\" rel=\"noreferrer\" data-rel=\"iLightbox[gallery_image_1]\" class=\"fusion-lightbox\" target=\"_self\"><img decoding=\"async\" src=\"https:\/\/sertv.gob.pa\/crisolfm\/wp-content\/uploads\/sites\/2\/2024\/08\/PRESIDENTE-MULINO-CRISIS-CSS-9.jpeg\" width=\"600\" height=\"400\" alt=\"\" title=\"PRESIDENTE MULINO CRISIS CSS 9\" aria-label=\"PRESIDENTE MULINO CRISIS CSS 9\" class=\"img-responsive wp-image-64074\" srcset=\"https:\/\/sertv.gob.pa\/crisolfm\/wp-content\/uploads\/sites\/2\/2024\/08\/PRESIDENTE-MULINO-CRISIS-CSS-9-200x133.jpeg 200w, https:\/\/sertv.gob.pa\/crisolfm\/wp-content\/uploads\/sites\/2\/2024\/08\/PRESIDENTE-MULINO-CRISIS-CSS-9-400x267.jpeg 400w, https:\/\/sertv.gob.pa\/crisolfm\/wp-content\/uploads\/sites\/2\/2024\/08\/PRESIDENTE-MULINO-CRISIS-CSS-9.jpeg 600w\" sizes=\"(min-width: 2200px) 100vw, (min-width: 784px) 363px, (min-width: 712px) 545px, (min-width: 640px) 712px, \" \/><\/a><\/div><\/div><div style=\"padding:5px;\" class=\"fusion-grid-column fusion-gallery-column fusion-gallery-column-3 hover-type-none\"><div class=\"fusion-gallery-image\"><a href=\"https:\/\/sertv.gob.pa\/crisolfm\/wp-content\/uploads\/sites\/2\/2024\/08\/PRESIDENTE-MULINO-CRISIS-CSS-10.jpeg\" rel=\"noreferrer\" data-rel=\"iLightbox[gallery_image_1]\" class=\"fusion-lightbox\" target=\"_self\"><img decoding=\"async\" src=\"https:\/\/sertv.gob.pa\/crisolfm\/wp-content\/uploads\/sites\/2\/2024\/08\/PRESIDENTE-MULINO-CRISIS-CSS-10.jpeg\" width=\"600\" height=\"395\" alt=\"\" title=\"PRESIDENTE MULINO CRISIS CSS 10\" aria-label=\"PRESIDENTE MULINO CRISIS CSS 10\" class=\"img-responsive wp-image-64075\" srcset=\"https:\/\/sertv.gob.pa\/crisolfm\/wp-content\/uploads\/sites\/2\/2024\/08\/PRESIDENTE-MULINO-CRISIS-CSS-10-200x132.jpeg 200w, https:\/\/sertv.gob.pa\/crisolfm\/wp-content\/uploads\/sites\/2\/2024\/08\/PRESIDENTE-MULINO-CRISIS-CSS-10-400x263.jpeg 400w, https:\/\/sertv.gob.pa\/crisolfm\/wp-content\/uploads\/sites\/2\/2024\/08\/PRESIDENTE-MULINO-CRISIS-CSS-10.jpeg 600w\" sizes=\"(min-width: 2200px) 100vw, (min-width: 784px) 363px, (min-width: 712px) 545px, (min-width: 640px) 712px, \" \/><\/a><\/div><\/div><div class=\"clearfix\"><\/div><div style=\"padding:5px;\" class=\"fusion-grid-column fusion-gallery-column fusion-gallery-column-3 hover-type-none\"><div class=\"fusion-gallery-image\"><a href=\"https:\/\/sertv.gob.pa\/crisolfm\/wp-content\/uploads\/sites\/2\/2024\/08\/PRESIDENTE-MULINO-CRISIS-CSS-11.jpeg\" rel=\"noreferrer\" data-rel=\"iLightbox[gallery_image_1]\" class=\"fusion-lightbox\" target=\"_self\"><img decoding=\"async\" src=\"https:\/\/sertv.gob.pa\/crisolfm\/wp-content\/uploads\/sites\/2\/2024\/08\/PRESIDENTE-MULINO-CRISIS-CSS-11.jpeg\" width=\"600\" height=\"387\" alt=\"\" title=\"PRESIDENTE MULINO CRISIS CSS 11\" aria-label=\"PRESIDENTE MULINO CRISIS CSS 11\" class=\"img-responsive wp-image-64076\" srcset=\"https:\/\/sertv.gob.pa\/crisolfm\/wp-content\/uploads\/sites\/2\/2024\/08\/PRESIDENTE-MULINO-CRISIS-CSS-11-200x129.jpeg 200w, https:\/\/sertv.gob.pa\/crisolfm\/wp-content\/uploads\/sites\/2\/2024\/08\/PRESIDENTE-MULINO-CRISIS-CSS-11-400x258.jpeg 400w, https:\/\/sertv.gob.pa\/crisolfm\/wp-content\/uploads\/sites\/2\/2024\/08\/PRESIDENTE-MULINO-CRISIS-CSS-11.jpeg 600w\" sizes=\"(min-width: 2200px) 100vw, (min-width: 784px) 363px, (min-width: 712px) 545px, (min-width: 640px) 712px, \" \/><\/a><\/div><\/div><\/div><\/div><\/div><\/div><\/div><\/div>\n","protected":false},"excerpt":{"rendered":"","protected":false},"author":9,"featured_media":64064,"comment_status":"closed","ping_status":"closed","sticky":false,"template":"","format":"standard","meta":{"footnotes":""},"categories":[12],"tags":[],"class_list":["post-64063","post","type-post","status-publish","format-standard","has-post-thumbnail","hentry","category-nacionales"],"_links":{"self":[{"href":"https:\/\/sertv.gob.pa\/crisolfm\/wp-json\/wp\/v2\/posts\/64063","targetHints":{"allow":["GET"]}}],"collection":[{"href":"https:\/\/sertv.gob.pa\/crisolfm\/wp-json\/wp\/v2\/posts"}],"about":[{"href":"https:\/\/sertv.gob.pa\/crisolfm\/wp-json\/wp\/v2\/types\/post"}],"author":[{"embeddable":true,"href":"https:\/\/sertv.gob.pa\/crisolfm\/wp-json\/wp\/v2\/users\/9"}],"replies":[{"embeddable":true,"href":"https:\/\/sertv.gob.pa\/crisolfm\/wp-json\/wp\/v2\/comments?post=64063"}],"version-history":[{"count":1,"href":"https:\/\/sertv.gob.pa\/crisolfm\/wp-json\/wp\/v2\/posts\/64063\/revisions"}],"predecessor-version":[{"id":64077,"href":"https:\/\/sertv.gob.pa\/crisolfm\/wp-json\/wp\/v2\/posts\/64063\/revisions\/64077"}],"wp:featuredmedia":[{"embeddable":true,"href":"https:\/\/sertv.gob.pa\/crisolfm\/wp-json\/wp\/v2\/media\/64064"}],"wp:attachment":[{"href":"https:\/\/sertv.gob.pa\/crisolfm\/wp-json\/wp\/v2\/media?parent=64063"}],"wp:term":[{"taxonomy":"category","embeddable":true,"href":"https:\/\/sertv.gob.pa\/crisolfm\/wp-json\/wp\/v2\/categories?post=64063"},{"taxonomy":"post_tag","embeddable":true,"href":"https:\/\/sertv.gob.pa\/crisolfm\/wp-json\/wp\/v2\/tags?post=64063"}],"curies":[{"name":"wp","href":"https:\/\/api.w.org\/{rel}","templated":true}]}}