{"id":64108,"date":"2024-08-29T17:28:50","date_gmt":"2024-08-29T17:28:50","guid":{"rendered":"https:\/\/sertv.gob.pa\/crisolfm\/?p=64108"},"modified":"2024-08-29T17:28:50","modified_gmt":"2024-08-29T17:28:50","slug":"region-metropolitana-continua-promocion-prevencion-y-actualizacion-en-temas-de-salud-publica","status":"publish","type":"post","link":"https:\/\/sertv.gob.pa\/crisolfm\/region-metropolitana-continua-promocion-prevencion-y-actualizacion-en-temas-de-salud-publica\/","title":{"rendered":"Regi\u00f3n Metropolitana contin\u00faa promoci\u00f3n, prevenci\u00f3n y actualizaci\u00f3n en temas de salud p\u00fablica"},"content":{"rendered":"<p><strong><em>En las instalaciones de salud de la regi\u00f3n Metropolitana, diversas acciones y actividades se ejecutan enfocadas en la promoci\u00f3n, prevenci\u00f3n y actualizaci\u00f3n al personal sanitario en diversas situaciones de salud p\u00fablica.<\/em><\/strong><\/p>\n<p><strong><em>En el \u00e1rea de Llano de Jes\u00fas en Cabra, el equipo de Control de Vectores del Centro de Salud de la 24 de Diciembre, efectu\u00f3 una nebulizaci\u00f3n por paciente confirmado por dengue.<\/em><\/strong><\/p>\n<p><strong><em>Se contin\u00faa con la docencia a los pacientes en las salas de espera del Centro de Salud de San Felipe, enfocada en los s\u00edntomas, eliminaci\u00f3n de criaderos y medidas preventivas contra la enfermedad de dengue. En otra actividad dentro de la instalaci\u00f3n de salud, funcionarios del Ministerio de la Mujer orientando a los pacientes y entreg\u00f3 material educativo sobre la violencia.<\/em><\/strong><\/p>\n<p><strong><em>En tanto, se realiza una actualizaci\u00f3n sobre dengue al personal m\u00e9dico y t\u00e9cnico en el Centro de Salud de R\u00edo Abajo.<\/em><\/strong><\/p>\n<p><strong><em>En las salas de espera del Centro de Salud de Tocumen, se refuerza la docencia para la eliminaci\u00f3n de criaderos, adem\u00e1s en la comunidad el equipo de Promoci\u00f3n, Control de Vectores y Epidemiolog\u00eda realizan inspecci\u00f3n, b\u00fasqueda de febriles y nebulizaci\u00f3n.\u00a0<\/em><\/strong><\/p>\n<p><strong><em>A trav\u00e9s del Programa Escolar en la Escuela Pedro J. Sosa, el equipo de Promoci\u00f3n y de laboratorio del Centro de Salud Emiliano Ponce, realiz\u00f3 docencia y orientaci\u00f3n sobre la enfermedad de dengue con la distribuci\u00f3n de material informativo.\u00a0 Tambi\u00e9n el Grupo Casa Mosquitos del centro educativo, desarroll\u00f3 el tema preventivo del dengue en el sal\u00f3n auditorio dirigido a los dem\u00e1s compa\u00f1eros.<\/em><\/strong><\/p>\n<p><strong><em>En las salas de espera de la instalaci\u00f3n se ofreci\u00f3 informaci\u00f3n impresa a los pacientes.<\/em><\/strong><\/p>\n<p><strong><em>Sesi\u00f3n educativa sobre prevenci\u00f3n de dengue en sala de espera principal del Centro de Salud de Curund\u00fa por los estudiantes de Medicina de la Columbus University y el equipo local de Promoci\u00f3n de la Salud.<\/em><\/strong><\/p>\n<p><strong><em>Tambi\u00e9n, el equipo de Epidemiolog\u00eda local, visit\u00f3 el Proyecto Curund\u00fa, con la b\u00fasqueda de febriles y concienciaci\u00f3n sobre la importancia de la prevenci\u00f3n y eliminaci\u00f3n de criaderos.<\/em><\/strong><\/p>\n<p><strong><em>El Centro de Salud de Santa Ana, realiz\u00f3 vigilancia sanitaria para control y prevenci\u00f3n de la tuberculosis a m\u00e1s de 45 personas en el Comedor Jes\u00fas para los Pobres de la Parroquia de Santa Ana, en donde se incluy\u00f3 evaluaci\u00f3n m\u00e9dica, orientaci\u00f3n con la entrega de gu\u00edas educativas y toma de pruebas de esputo con la participaci\u00f3n del personal m\u00e9dico, enfermer\u00eda, laboratorio y educaci\u00f3n para la salud.<\/em><\/strong><\/p>\n<p><strong><em>Adem\u00e1s, se orient\u00f3 sobre medidas de orientaci\u00f3n al personal responsable del comedor para el control, detecci\u00f3n y diagn\u00f3stico de la tuberculosis.<\/em><\/strong><\/p>\n<p><strong><em>En el Centro de Salud de El Chorrillo, el director m\u00e9dico, llev\u00f3 a cabo una evaluaci\u00f3n a pacientes privados de libertad, como parte de las estrategias de atenci\u00f3n a la poblaci\u00f3n en general.<\/em><\/strong><\/p>\n<p><strong><em>Por \u00faltimo, en el Policentro de Parque Lefevre, inici\u00f3 la jornada de actualizaci\u00f3n y capacitaci\u00f3n sobre el manejo integral de pacientes con dengue, dirigido a todo el personal de salud, en tanto se continuar\u00e1 replicando en las dem\u00e1s instalaciones que conforman la regi\u00f3n Metropolitana.\u00a0<\/em><\/strong><\/p>\n<p><strong><em>\u00a0<\/em><\/strong><\/p>\n<p>Fuente: MINSA<\/p>\n","protected":false},"excerpt":{"rendered":"<p>En las instalaciones de salud de la regi\u00f3n Metropolitana, diversas <a href=\"https:\/\/sertv.gob.pa\/crisolfm\/region-metropolitana-continua-promocion-prevencion-y-actualizacion-en-temas-de-salud-publica\/\"> [&#8230;]<\/a><\/p>\n","protected":false},"author":9,"featured_media":64109,"comment_status":"closed","ping_status":"closed","sticky":false,"template":"","format":"standard","meta":{"footnotes":""},"categories":[14],"tags":[],"class_list":["post-64108","post","type-post","status-publish","format-standard","has-post-thumbnail","hentry","category-salud"],"_links":{"self":[{"href":"https:\/\/sertv.gob.pa\/crisolfm\/wp-json\/wp\/v2\/posts\/64108","targetHints":{"allow":["GET"]}}],"collection":[{"href":"https:\/\/sertv.gob.pa\/crisolfm\/wp-json\/wp\/v2\/posts"}],"about":[{"href":"https:\/\/sertv.gob.pa\/crisolfm\/wp-json\/wp\/v2\/types\/post"}],"author":[{"embeddable":true,"href":"https:\/\/sertv.gob.pa\/crisolfm\/wp-json\/wp\/v2\/users\/9"}],"replies":[{"embeddable":true,"href":"https:\/\/sertv.gob.pa\/crisolfm\/wp-json\/wp\/v2\/comments?post=64108"}],"version-history":[{"count":1,"href":"https:\/\/sertv.gob.pa\/crisolfm\/wp-json\/wp\/v2\/posts\/64108\/revisions"}],"predecessor-version":[{"id":64110,"href":"https:\/\/sertv.gob.pa\/crisolfm\/wp-json\/wp\/v2\/posts\/64108\/revisions\/64110"}],"wp:featuredmedia":[{"embeddable":true,"href":"https:\/\/sertv.gob.pa\/crisolfm\/wp-json\/wp\/v2\/media\/64109"}],"wp:attachment":[{"href":"https:\/\/sertv.gob.pa\/crisolfm\/wp-json\/wp\/v2\/media?parent=64108"}],"wp:term":[{"taxonomy":"category","embeddable":true,"href":"https:\/\/sertv.gob.pa\/crisolfm\/wp-json\/wp\/v2\/categories?post=64108"},{"taxonomy":"post_tag","embeddable":true,"href":"https:\/\/sertv.gob.pa\/crisolfm\/wp-json\/wp\/v2\/tags?post=64108"}],"curies":[{"name":"wp","href":"https:\/\/api.w.org\/{rel}","templated":true}]}}