{"id":64159,"date":"2024-08-30T15:15:04","date_gmt":"2024-08-30T15:15:04","guid":{"rendered":"https:\/\/sertv.gob.pa\/crisolfm\/?p=64159"},"modified":"2024-08-30T15:15:04","modified_gmt":"2024-08-30T15:15:04","slug":"control-de-vectores-continuo-trabajos-de-nebulizacion-en-isla-colon","status":"publish","type":"post","link":"https:\/\/sertv.gob.pa\/crisolfm\/control-de-vectores-continuo-trabajos-de-nebulizacion-en-isla-colon\/","title":{"rendered":"Control de vectores continu\u00f3 trabajos de nebulizaci\u00f3n en isla Col\u00f3n"},"content":{"rendered":"<p><strong><em>\u00a0<\/em><\/strong><strong><em>El equipo de control de vectores de la regional de Bocas del Toro llev\u00f3 a cabo trabajos de nebulizaci\u00f3n en diversas \u00e1reas de isla Col\u00f3n.<\/em><\/strong><\/p>\n<p><strong><em>Luis De Le\u00f3n, jefe regional de Control de Vectores, se\u00f1al\u00f3 que, su equipo de trabajo, realiz\u00f3 intervenciones en \u00e1reas donde se han detectado criaderos potenciales del Aedes aegypti, sin embargo, es importante que estos sean eliminados, a trav\u00e9s de la fumigaci\u00f3n.<\/em><\/strong><\/p>\n<p><strong><em>De Le\u00f3n, agreg\u00f3 que, es fundamental que la poblaci\u00f3n est\u00e9 vigilante en sus viviendas, implementando las recomendaciones del MINSA, para que pueda disminuir los casos de dengue.<\/em><\/strong><\/p>\n<p><strong><em>\u00a0<\/em><\/strong><\/p>\n<p><strong><em>Fuente: MINSA<\/em><\/strong><\/p>\n","protected":false},"excerpt":{"rendered":"<p>\u00a0El equipo de control de vectores de la regional de <a href=\"https:\/\/sertv.gob.pa\/crisolfm\/control-de-vectores-continuo-trabajos-de-nebulizacion-en-isla-colon\/\"> [&#8230;]<\/a><\/p>\n","protected":false},"author":9,"featured_media":64160,"comment_status":"closed","ping_status":"closed","sticky":false,"template":"","format":"standard","meta":{"footnotes":""},"categories":[14],"tags":[],"class_list":["post-64159","post","type-post","status-publish","format-standard","has-post-thumbnail","hentry","category-salud"],"_links":{"self":[{"href":"https:\/\/sertv.gob.pa\/crisolfm\/wp-json\/wp\/v2\/posts\/64159","targetHints":{"allow":["GET"]}}],"collection":[{"href":"https:\/\/sertv.gob.pa\/crisolfm\/wp-json\/wp\/v2\/posts"}],"about":[{"href":"https:\/\/sertv.gob.pa\/crisolfm\/wp-json\/wp\/v2\/types\/post"}],"author":[{"embeddable":true,"href":"https:\/\/sertv.gob.pa\/crisolfm\/wp-json\/wp\/v2\/users\/9"}],"replies":[{"embeddable":true,"href":"https:\/\/sertv.gob.pa\/crisolfm\/wp-json\/wp\/v2\/comments?post=64159"}],"version-history":[{"count":1,"href":"https:\/\/sertv.gob.pa\/crisolfm\/wp-json\/wp\/v2\/posts\/64159\/revisions"}],"predecessor-version":[{"id":64161,"href":"https:\/\/sertv.gob.pa\/crisolfm\/wp-json\/wp\/v2\/posts\/64159\/revisions\/64161"}],"wp:featuredmedia":[{"embeddable":true,"href":"https:\/\/sertv.gob.pa\/crisolfm\/wp-json\/wp\/v2\/media\/64160"}],"wp:attachment":[{"href":"https:\/\/sertv.gob.pa\/crisolfm\/wp-json\/wp\/v2\/media?parent=64159"}],"wp:term":[{"taxonomy":"category","embeddable":true,"href":"https:\/\/sertv.gob.pa\/crisolfm\/wp-json\/wp\/v2\/categories?post=64159"},{"taxonomy":"post_tag","embeddable":true,"href":"https:\/\/sertv.gob.pa\/crisolfm\/wp-json\/wp\/v2\/tags?post=64159"}],"curies":[{"name":"wp","href":"https:\/\/api.w.org\/{rel}","templated":true}]}}