{"id":64162,"date":"2024-08-30T15:51:00","date_gmt":"2024-08-30T15:51:00","guid":{"rendered":"https:\/\/sertv.gob.pa\/crisolfm\/?p=64162"},"modified":"2024-08-30T15:51:00","modified_gmt":"2024-08-30T15:51:00","slug":"programa-escolar-organiza-acciones-en-alianzas-que-benefician-a-estudiantes-en-pedregal","status":"publish","type":"post","link":"https:\/\/sertv.gob.pa\/crisolfm\/programa-escolar-organiza-acciones-en-alianzas-que-benefician-a-estudiantes-en-pedregal\/","title":{"rendered":"Programa Escolar organiza acciones en alianzas que benefician a estudiantes en Pedregal"},"content":{"rendered":"<p><strong><em>Panam\u00e1, <\/em><\/strong><\/p>\n<p><strong><em>\u00a0<\/em><\/strong><\/p>\n<p><strong><em>El Programa de Salud Escolar Regional, en coordinaci\u00f3n con el Centro de Salud de Pedregal y la Universidad de las Am\u00e9ricas (UDELAS), coordinaron para que los estudiantes de Audiometr\u00eda y Fonoaudiolog\u00eda realizaran ex\u00e1menes en el Centro Escolar B\u00e1sico General Santa Cruz.<\/em><\/strong><\/p>\n<p><strong><em>Durante la actividad, se atendi\u00f3 ni\u00f1os entre los 5 a 7 a\u00f1os que cursan los niveles de prekinder, k\u00ednder y primer grado.<\/em><\/strong><\/p>\n<p><strong><em>Liliana Castillero, coordinadora del Programa de Salud Escolar del Centro de Salud de Pedregal, indic\u00f3 que, la finalidad de esta actividad, es para detectar oportunamente la disminuci\u00f3n de la audici\u00f3n o problemas optom\u00e9tricos en los estudiantes y darle su seguimiento en la instalaci\u00f3n de salud.<\/em><\/strong><\/p>\n<p><strong><em>La regi\u00f3n Metropolitana, a trav\u00e9s del Programa Escolar en los centros educativos de Pedregal, continuar\u00e1 realizando esta acci\u00f3n para beneficiar a la poblaci\u00f3n estudiantil del sector.<\/em><\/strong><\/p>\n<p><strong><em>\u00a0<\/em><\/strong><\/p>\n<p><strong><em>Fuente: MINSA<\/em><\/strong><\/p>\n","protected":false},"excerpt":{"rendered":"<p>Panam\u00e1, \u00a0 El Programa de Salud Escolar Regional, en coordinaci\u00f3n <a href=\"https:\/\/sertv.gob.pa\/crisolfm\/programa-escolar-organiza-acciones-en-alianzas-que-benefician-a-estudiantes-en-pedregal\/\"> [&#8230;]<\/a><\/p>\n","protected":false},"author":9,"featured_media":64163,"comment_status":"closed","ping_status":"closed","sticky":false,"template":"","format":"standard","meta":{"footnotes":""},"categories":[14],"tags":[],"class_list":["post-64162","post","type-post","status-publish","format-standard","has-post-thumbnail","hentry","category-salud"],"_links":{"self":[{"href":"https:\/\/sertv.gob.pa\/crisolfm\/wp-json\/wp\/v2\/posts\/64162","targetHints":{"allow":["GET"]}}],"collection":[{"href":"https:\/\/sertv.gob.pa\/crisolfm\/wp-json\/wp\/v2\/posts"}],"about":[{"href":"https:\/\/sertv.gob.pa\/crisolfm\/wp-json\/wp\/v2\/types\/post"}],"author":[{"embeddable":true,"href":"https:\/\/sertv.gob.pa\/crisolfm\/wp-json\/wp\/v2\/users\/9"}],"replies":[{"embeddable":true,"href":"https:\/\/sertv.gob.pa\/crisolfm\/wp-json\/wp\/v2\/comments?post=64162"}],"version-history":[{"count":1,"href":"https:\/\/sertv.gob.pa\/crisolfm\/wp-json\/wp\/v2\/posts\/64162\/revisions"}],"predecessor-version":[{"id":64164,"href":"https:\/\/sertv.gob.pa\/crisolfm\/wp-json\/wp\/v2\/posts\/64162\/revisions\/64164"}],"wp:featuredmedia":[{"embeddable":true,"href":"https:\/\/sertv.gob.pa\/crisolfm\/wp-json\/wp\/v2\/media\/64163"}],"wp:attachment":[{"href":"https:\/\/sertv.gob.pa\/crisolfm\/wp-json\/wp\/v2\/media?parent=64162"}],"wp:term":[{"taxonomy":"category","embeddable":true,"href":"https:\/\/sertv.gob.pa\/crisolfm\/wp-json\/wp\/v2\/categories?post=64162"},{"taxonomy":"post_tag","embeddable":true,"href":"https:\/\/sertv.gob.pa\/crisolfm\/wp-json\/wp\/v2\/tags?post=64162"}],"curies":[{"name":"wp","href":"https:\/\/api.w.org\/{rel}","templated":true}]}}