{"id":64246,"date":"2024-09-03T16:09:35","date_gmt":"2024-09-03T16:09:35","guid":{"rendered":"https:\/\/sertv.gob.pa\/crisolfm\/?p=64246"},"modified":"2024-09-03T16:09:35","modified_gmt":"2024-09-03T16:09:35","slug":"reapertura-del-subcentro-de-salud-de-penas-chatas","status":"publish","type":"post","link":"https:\/\/sertv.gob.pa\/crisolfm\/reapertura-del-subcentro-de-salud-de-penas-chatas\/","title":{"rendered":"Reapertura del subcentro de salud de Pe\u00f1as Chatas"},"content":{"rendered":"<div class=\"fusion-fullwidth fullwidth-box fusion-builder-row-1 fusion-flex-container has-pattern-background has-mask-background nonhundred-percent-fullwidth non-hundred-percent-height-scrolling\" style=\"--awb-border-radius-top-left:0px;--awb-border-radius-top-right:0px;--awb-border-radius-bottom-right:0px;--awb-border-radius-bottom-left:0px;--awb-flex-wrap:wrap;\" ><div class=\"fusion-builder-row fusion-row fusion-flex-align-items-flex-start fusion-flex-content-wrap\" style=\"max-width:1144px;margin-left: calc(-4% \/ 2 );margin-right: calc(-4% \/ 2 );\"><div class=\"fusion-layout-column fusion_builder_column fusion-builder-column-0 fusion_builder_column_1_1 1_1 fusion-flex-column\" style=\"--awb-bg-size:cover;--awb-width-large:100%;--awb-margin-top-large:0px;--awb-spacing-right-large:1.92%;--awb-margin-bottom-large:20px;--awb-spacing-left-large:1.92%;--awb-width-medium:100%;--awb-order-medium:0;--awb-spacing-right-medium:1.92%;--awb-spacing-left-medium:1.92%;--awb-width-small:100%;--awb-order-small:0;--awb-spacing-right-small:1.92%;--awb-spacing-left-small:1.92%;\"><div class=\"fusion-column-wrapper fusion-column-has-shadow fusion-flex-justify-content-flex-start fusion-content-layout-column\"><div class=\"fusion-text fusion-text-1\"><p><strong><em>La Regi\u00f3n de Salud de Herrera, anuncia la reapertura del subcentro de Salud de la comunidad de Pe\u00f1as Chatas, distrito de Oc\u00fa, un logro significativo para garantizar la atenci\u00f3n a la salud de los habitantes de esta regi\u00f3n del pa\u00eds.<\/em><\/strong><\/p>\n<p><strong><em>Se trata de una instalaci\u00f3n de salud que se mantuvo cerrada durante casi cinco a\u00f1os, y que luego de un proceso de mejoras, abrir\u00e1 sus puertas a partir de este martes 3 de septiembre, para brindar cobertura de atenci\u00f3n cada martes.<\/em><\/strong><\/p>\n<p><strong><em>Entre los servicios disponibles en este subcentro est\u00e1n: consultas m\u00e9dicas para el diagn\u00f3stico, tratamiento de diversas condiciones de salud, vacunaci\u00f3n, as\u00ed como la administraci\u00f3n y entrega de medicamentos.<\/em><\/strong><\/p>\n<p><strong><em>\u201cLa reapertura de este subcentro es una manifestaci\u00f3n del compromiso continuo por parte de las autoridades locales y regionales para mejorar el acceso a servicios de salud esenciales en la regi\u00f3n. Se han realizado mejoras en las instalaciones para asegurar un entorno seguro y eficiente para la atenci\u00f3n de los pacientes\u201d, indic\u00f3 Hilario Correa, director de salud de la provincia de Herrera.<\/em><\/strong><\/p>\n<p><strong><em>\u00a0<\/em><\/strong><\/p>\n<p>Fuente: MINSA<\/p>\n<\/div><div class=\"awb-gallery-wrapper awb-gallery-wrapper-1 button-span-no\" style=\"--more-btn-alignment:center;\"><div style=\"margin:-5px;--awb-bordersize:0px;\" class=\"fusion-gallery fusion-gallery-container fusion-grid-3 fusion-columns-total-2 fusion-gallery-layout-grid fusion-gallery-1\"><div style=\"padding:5px;\" class=\"fusion-grid-column fusion-gallery-column fusion-gallery-column-3 hover-type-none\"><div class=\"fusion-gallery-image\"><a href=\"https:\/\/sertv.gob.pa\/crisolfm\/wp-content\/uploads\/sites\/2\/2024\/09\/ABREN-SUBCENTRO-SALUD-2.jpg\" rel=\"noreferrer\" data-rel=\"iLightbox[gallery_image_1]\" class=\"fusion-lightbox\" target=\"_self\"><img decoding=\"async\" src=\"https:\/\/sertv.gob.pa\/crisolfm\/wp-content\/uploads\/sites\/2\/2024\/09\/ABREN-SUBCENTRO-SALUD-2.jpg\" width=\"600\" height=\"492\" alt=\"\" title=\"ABREN SUBCENTRO SALUD 2\" aria-label=\"ABREN SUBCENTRO SALUD 2\" class=\"img-responsive wp-image-64248\" srcset=\"https:\/\/sertv.gob.pa\/crisolfm\/wp-content\/uploads\/sites\/2\/2024\/09\/ABREN-SUBCENTRO-SALUD-2-200x164.jpg 200w, https:\/\/sertv.gob.pa\/crisolfm\/wp-content\/uploads\/sites\/2\/2024\/09\/ABREN-SUBCENTRO-SALUD-2-400x328.jpg 400w, https:\/\/sertv.gob.pa\/crisolfm\/wp-content\/uploads\/sites\/2\/2024\/09\/ABREN-SUBCENTRO-SALUD-2.jpg 600w\" sizes=\"(min-width: 2200px) 100vw, (min-width: 784px) 363px, (min-width: 712px) 545px, (min-width: 640px) 712px, \" \/><\/a><\/div><\/div><div style=\"padding:5px;\" class=\"fusion-grid-column fusion-gallery-column fusion-gallery-column-3 hover-type-none\"><div class=\"fusion-gallery-image\"><a href=\"https:\/\/sertv.gob.pa\/crisolfm\/wp-content\/uploads\/sites\/2\/2024\/09\/ABREN-SUBCENTRO-SALUD-3.jpg\" rel=\"noreferrer\" data-rel=\"iLightbox[gallery_image_1]\" class=\"fusion-lightbox\" target=\"_self\"><img decoding=\"async\" src=\"https:\/\/sertv.gob.pa\/crisolfm\/wp-content\/uploads\/sites\/2\/2024\/09\/ABREN-SUBCENTRO-SALUD-3.jpg\" width=\"600\" height=\"457\" alt=\"\" title=\"ABREN SUBCENTRO SALUD 3\" aria-label=\"ABREN SUBCENTRO SALUD 3\" class=\"img-responsive wp-image-64249\" srcset=\"https:\/\/sertv.gob.pa\/crisolfm\/wp-content\/uploads\/sites\/2\/2024\/09\/ABREN-SUBCENTRO-SALUD-3-200x152.jpg 200w, https:\/\/sertv.gob.pa\/crisolfm\/wp-content\/uploads\/sites\/2\/2024\/09\/ABREN-SUBCENTRO-SALUD-3-400x305.jpg 400w, https:\/\/sertv.gob.pa\/crisolfm\/wp-content\/uploads\/sites\/2\/2024\/09\/ABREN-SUBCENTRO-SALUD-3.jpg 600w\" sizes=\"(min-width: 2200px) 100vw, (min-width: 784px) 363px, (min-width: 712px) 545px, (min-width: 640px) 712px, \" \/><\/a><\/div><\/div><\/div><\/div><\/div><\/div><\/div><\/div>\n","protected":false},"excerpt":{"rendered":"","protected":false},"author":9,"featured_media":64247,"comment_status":"closed","ping_status":"closed","sticky":false,"template":"","format":"standard","meta":{"footnotes":""},"categories":[14],"tags":[],"class_list":["post-64246","post","type-post","status-publish","format-standard","has-post-thumbnail","hentry","category-salud"],"_links":{"self":[{"href":"https:\/\/sertv.gob.pa\/crisolfm\/wp-json\/wp\/v2\/posts\/64246","targetHints":{"allow":["GET"]}}],"collection":[{"href":"https:\/\/sertv.gob.pa\/crisolfm\/wp-json\/wp\/v2\/posts"}],"about":[{"href":"https:\/\/sertv.gob.pa\/crisolfm\/wp-json\/wp\/v2\/types\/post"}],"author":[{"embeddable":true,"href":"https:\/\/sertv.gob.pa\/crisolfm\/wp-json\/wp\/v2\/users\/9"}],"replies":[{"embeddable":true,"href":"https:\/\/sertv.gob.pa\/crisolfm\/wp-json\/wp\/v2\/comments?post=64246"}],"version-history":[{"count":1,"href":"https:\/\/sertv.gob.pa\/crisolfm\/wp-json\/wp\/v2\/posts\/64246\/revisions"}],"predecessor-version":[{"id":64250,"href":"https:\/\/sertv.gob.pa\/crisolfm\/wp-json\/wp\/v2\/posts\/64246\/revisions\/64250"}],"wp:featuredmedia":[{"embeddable":true,"href":"https:\/\/sertv.gob.pa\/crisolfm\/wp-json\/wp\/v2\/media\/64247"}],"wp:attachment":[{"href":"https:\/\/sertv.gob.pa\/crisolfm\/wp-json\/wp\/v2\/media?parent=64246"}],"wp:term":[{"taxonomy":"category","embeddable":true,"href":"https:\/\/sertv.gob.pa\/crisolfm\/wp-json\/wp\/v2\/categories?post=64246"},{"taxonomy":"post_tag","embeddable":true,"href":"https:\/\/sertv.gob.pa\/crisolfm\/wp-json\/wp\/v2\/tags?post=64246"}],"curies":[{"name":"wp","href":"https:\/\/api.w.org\/{rel}","templated":true}]}}