{"id":64292,"date":"2024-09-05T12:57:55","date_gmt":"2024-09-05T12:57:55","guid":{"rendered":"https:\/\/sertv.gob.pa\/crisolfm\/?p=64292"},"modified":"2024-09-05T13:03:55","modified_gmt":"2024-09-05T13:03:55","slug":"region-de-salud-de-herrera-capacita-a-conductores-ovem","status":"publish","type":"post","link":"https:\/\/sertv.gob.pa\/crisolfm\/region-de-salud-de-herrera-capacita-a-conductores-ovem\/","title":{"rendered":"Regi\u00f3n de Salud de Herrera capacita a conductores OVEM"},"content":{"rendered":"<p>La regi\u00f3n de Salud de Herrera, inici\u00f3 esta semana un curso intensivo para capacitar y certificar a sus conductores como Operadores de Veh\u00edculos de Emergencias M\u00e9dicas (OVEM). Este programa tiene como objetivo principal mejorar la calidad y eficiencia de los servicios de emergencia en toda la regi\u00f3n, garantizando que los pacientes reciban atenci\u00f3n r\u00e1pida y segura en situaciones cr\u00edticas. En el curso, que tiene una duraci\u00f3n de 40 horas, participan 15 conductores de toda la provincia, y est\u00e1 dise\u00f1ado para proporcionar a los participantes las habilidades necesarias para operar veh\u00edculos de emergencias m\u00e9dicas de manera segura y eficiente.<br \/>\nLos temas abordados incluyen t\u00e9cnicas de conducci\u00f3n en situaciones de emergencia, manejo de equipos especializados, protocolos de seguridad, primeros auxilios y respuesta r\u00e1pida ante accidentes.<br \/>\nLa certificaci\u00f3n como OVEM no solo garantiza que los conductores est\u00e9n preparados para enfrentar las exigencias del trabajo, sino que tambi\u00e9n asegura que est\u00e9n alineados con los est\u00e1ndares nacionales e internacionales en materia de transporte de emergencias.<\/p>\n<p>Fuente: MINSA<\/p>\n","protected":false},"excerpt":{"rendered":"<p>La regi\u00f3n de Salud de Herrera, inici\u00f3 esta semana un <a href=\"https:\/\/sertv.gob.pa\/crisolfm\/region-de-salud-de-herrera-capacita-a-conductores-ovem\/\"> [&#8230;]<\/a><\/p>\n","protected":false},"author":9,"featured_media":64293,"comment_status":"closed","ping_status":"closed","sticky":false,"template":"","format":"standard","meta":{"footnotes":""},"categories":[14],"tags":[],"class_list":["post-64292","post","type-post","status-publish","format-standard","has-post-thumbnail","hentry","category-salud"],"_links":{"self":[{"href":"https:\/\/sertv.gob.pa\/crisolfm\/wp-json\/wp\/v2\/posts\/64292","targetHints":{"allow":["GET"]}}],"collection":[{"href":"https:\/\/sertv.gob.pa\/crisolfm\/wp-json\/wp\/v2\/posts"}],"about":[{"href":"https:\/\/sertv.gob.pa\/crisolfm\/wp-json\/wp\/v2\/types\/post"}],"author":[{"embeddable":true,"href":"https:\/\/sertv.gob.pa\/crisolfm\/wp-json\/wp\/v2\/users\/9"}],"replies":[{"embeddable":true,"href":"https:\/\/sertv.gob.pa\/crisolfm\/wp-json\/wp\/v2\/comments?post=64292"}],"version-history":[{"count":3,"href":"https:\/\/sertv.gob.pa\/crisolfm\/wp-json\/wp\/v2\/posts\/64292\/revisions"}],"predecessor-version":[{"id":64296,"href":"https:\/\/sertv.gob.pa\/crisolfm\/wp-json\/wp\/v2\/posts\/64292\/revisions\/64296"}],"wp:featuredmedia":[{"embeddable":true,"href":"https:\/\/sertv.gob.pa\/crisolfm\/wp-json\/wp\/v2\/media\/64293"}],"wp:attachment":[{"href":"https:\/\/sertv.gob.pa\/crisolfm\/wp-json\/wp\/v2\/media?parent=64292"}],"wp:term":[{"taxonomy":"category","embeddable":true,"href":"https:\/\/sertv.gob.pa\/crisolfm\/wp-json\/wp\/v2\/categories?post=64292"},{"taxonomy":"post_tag","embeddable":true,"href":"https:\/\/sertv.gob.pa\/crisolfm\/wp-json\/wp\/v2\/tags?post=64292"}],"curies":[{"name":"wp","href":"https:\/\/api.w.org\/{rel}","templated":true}]}}