{"id":64400,"date":"2024-09-09T15:44:16","date_gmt":"2024-09-09T15:44:16","guid":{"rendered":"https:\/\/sertv.gob.pa\/crisolfm\/?p=64400"},"modified":"2024-09-09T15:44:16","modified_gmt":"2024-09-09T15:44:16","slug":"mitradel-promueve-la-contratacion-de-personas-con-discapacidad-en-panama-este","status":"publish","type":"post","link":"https:\/\/sertv.gob.pa\/crisolfm\/mitradel-promueve-la-contratacion-de-personas-con-discapacidad-en-panama-este\/","title":{"rendered":"Mitradel promueve la contrataci\u00f3n de Personas con Discapacidad en Panam\u00e1 Este"},"content":{"rendered":"<p><strong>Panam\u00e1,<\/strong><\/p>\n<p><strong>El Ministerio de Trabajo y Desarrollo Laboral (MITRADEL), a trav\u00e9s de la Direcci\u00f3n Regional de Trabajo de Panam\u00e1 Este, llev\u00f3 a cabo un acercamiento con empresas del sector, para impulsar la contrataci\u00f3n de Personas con Discapacidad, adem\u00e1s de brindar informaci\u00f3n necesaria y oportuna sobre \u00abMi Primer Empleo\u00bb, programa liderado por el presidente de la Rep\u00fablica de Panam\u00e1, Jos\u00e9 Ra\u00fal Mulino Quintero y que lleva a adelante la Ministra de Trabajo y Desarrollo Laboral, Jackeline Mu\u00f1oz de Cede\u00f1o.<\/strong><\/p>\n<p><strong>El MITRADEL, como intermediario entre la oferta y la demanda del capital humano en el pa\u00eds y producto del acercamiento con las empresas del sector: Hotel Crown Plaza Aeropuerto y la empresa Stay Beautiful Panam\u00e1, se logr\u00f3 la inserci\u00f3n al mercado laboral de Personas con Discapacidad registradas en la base de datos de la entidad.<\/strong><\/p>\n<p><strong>El Ministerio de Trabajo y Desarrollo Laboral, contin\u00faa impulsando acciones, programas y proyectos de empleabilidad, con igualdad de oportunidades, para incentivar la econom\u00eda del pa\u00eds, la paz social y el desarrollo profesional y personal de todos los paname\u00f1os.<\/strong><\/p>\n<p>&nbsp;<\/p>\n<p>Fuente: MITRADEL<\/p>\n<p>&nbsp;<\/p>\n","protected":false},"excerpt":{"rendered":"<p>Panam\u00e1, El Ministerio de Trabajo y Desarrollo Laboral (MITRADEL), a <a href=\"https:\/\/sertv.gob.pa\/crisolfm\/mitradel-promueve-la-contratacion-de-personas-con-discapacidad-en-panama-este\/\"> [&#8230;]<\/a><\/p>\n","protected":false},"author":9,"featured_media":64401,"comment_status":"closed","ping_status":"closed","sticky":false,"template":"","format":"standard","meta":{"footnotes":""},"categories":[12],"tags":[],"class_list":["post-64400","post","type-post","status-publish","format-standard","has-post-thumbnail","hentry","category-nacionales"],"_links":{"self":[{"href":"https:\/\/sertv.gob.pa\/crisolfm\/wp-json\/wp\/v2\/posts\/64400","targetHints":{"allow":["GET"]}}],"collection":[{"href":"https:\/\/sertv.gob.pa\/crisolfm\/wp-json\/wp\/v2\/posts"}],"about":[{"href":"https:\/\/sertv.gob.pa\/crisolfm\/wp-json\/wp\/v2\/types\/post"}],"author":[{"embeddable":true,"href":"https:\/\/sertv.gob.pa\/crisolfm\/wp-json\/wp\/v2\/users\/9"}],"replies":[{"embeddable":true,"href":"https:\/\/sertv.gob.pa\/crisolfm\/wp-json\/wp\/v2\/comments?post=64400"}],"version-history":[{"count":2,"href":"https:\/\/sertv.gob.pa\/crisolfm\/wp-json\/wp\/v2\/posts\/64400\/revisions"}],"predecessor-version":[{"id":64403,"href":"https:\/\/sertv.gob.pa\/crisolfm\/wp-json\/wp\/v2\/posts\/64400\/revisions\/64403"}],"wp:featuredmedia":[{"embeddable":true,"href":"https:\/\/sertv.gob.pa\/crisolfm\/wp-json\/wp\/v2\/media\/64401"}],"wp:attachment":[{"href":"https:\/\/sertv.gob.pa\/crisolfm\/wp-json\/wp\/v2\/media?parent=64400"}],"wp:term":[{"taxonomy":"category","embeddable":true,"href":"https:\/\/sertv.gob.pa\/crisolfm\/wp-json\/wp\/v2\/categories?post=64400"},{"taxonomy":"post_tag","embeddable":true,"href":"https:\/\/sertv.gob.pa\/crisolfm\/wp-json\/wp\/v2\/tags?post=64400"}],"curies":[{"name":"wp","href":"https:\/\/api.w.org\/{rel}","templated":true}]}}