{"id":64411,"date":"2024-09-09T17:38:09","date_gmt":"2024-09-09T17:38:09","guid":{"rendered":"https:\/\/sertv.gob.pa\/crisolfm\/?p=64411"},"modified":"2024-09-09T17:38:09","modified_gmt":"2024-09-09T17:38:09","slug":"enfermeras-realizan-jornada-de-vacunacion-en-santa-ana-y-el-chorrillo","status":"publish","type":"post","link":"https:\/\/sertv.gob.pa\/crisolfm\/enfermeras-realizan-jornada-de-vacunacion-en-santa-ana-y-el-chorrillo\/","title":{"rendered":"Enfermeras realizan jornada de vacunaci\u00f3n en Santa Ana y El Chorrillo"},"content":{"rendered":"<p><strong>Con gran participaci\u00f3n en los corregimientos de Santa Ana y El Chorrillo se realiz\u00f3 una jornada de vacunaci\u00f3n para aplicaci\u00f3n de las dosis del esquema de vacunaci\u00f3n nacional.<\/strong><\/p>\n<p><strong>El equipo de enfermeras del Centro de Salud de Santa Ana ubic\u00f3 un punto fijo en calle 16 y la vacunaci\u00f3n casa por casa en las calles 17 y 18.<\/strong><\/p>\n<p><strong>En tanto, el equipo de enfermeras del Centro de Salud de El Chorrillo como punto fijo estuvo en el Xtra Market y en barrido las calles 23 y 25.<\/strong><\/p>\n<p><strong>El Ministerio de Salud reitera a la poblaci\u00f3n aplicarse las dosis del esquema de vacunaci\u00f3n en los centros de salud de lunes a viernes, los fines de semana en las jornadas extra-muro anunciadas en las cuentas oficiales del MINSA.<\/strong><\/p>\n<p>Fuente: MINSA<\/p>\n<p>&nbsp;<\/p>\n","protected":false},"excerpt":{"rendered":"<p>Con gran participaci\u00f3n en los corregimientos de Santa Ana y <a href=\"https:\/\/sertv.gob.pa\/crisolfm\/enfermeras-realizan-jornada-de-vacunacion-en-santa-ana-y-el-chorrillo\/\"> [&#8230;]<\/a><\/p>\n","protected":false},"author":9,"featured_media":64412,"comment_status":"closed","ping_status":"closed","sticky":false,"template":"","format":"standard","meta":{"footnotes":""},"categories":[14],"tags":[],"class_list":["post-64411","post","type-post","status-publish","format-standard","has-post-thumbnail","hentry","category-salud"],"_links":{"self":[{"href":"https:\/\/sertv.gob.pa\/crisolfm\/wp-json\/wp\/v2\/posts\/64411","targetHints":{"allow":["GET"]}}],"collection":[{"href":"https:\/\/sertv.gob.pa\/crisolfm\/wp-json\/wp\/v2\/posts"}],"about":[{"href":"https:\/\/sertv.gob.pa\/crisolfm\/wp-json\/wp\/v2\/types\/post"}],"author":[{"embeddable":true,"href":"https:\/\/sertv.gob.pa\/crisolfm\/wp-json\/wp\/v2\/users\/9"}],"replies":[{"embeddable":true,"href":"https:\/\/sertv.gob.pa\/crisolfm\/wp-json\/wp\/v2\/comments?post=64411"}],"version-history":[{"count":1,"href":"https:\/\/sertv.gob.pa\/crisolfm\/wp-json\/wp\/v2\/posts\/64411\/revisions"}],"predecessor-version":[{"id":64413,"href":"https:\/\/sertv.gob.pa\/crisolfm\/wp-json\/wp\/v2\/posts\/64411\/revisions\/64413"}],"wp:featuredmedia":[{"embeddable":true,"href":"https:\/\/sertv.gob.pa\/crisolfm\/wp-json\/wp\/v2\/media\/64412"}],"wp:attachment":[{"href":"https:\/\/sertv.gob.pa\/crisolfm\/wp-json\/wp\/v2\/media?parent=64411"}],"wp:term":[{"taxonomy":"category","embeddable":true,"href":"https:\/\/sertv.gob.pa\/crisolfm\/wp-json\/wp\/v2\/categories?post=64411"},{"taxonomy":"post_tag","embeddable":true,"href":"https:\/\/sertv.gob.pa\/crisolfm\/wp-json\/wp\/v2\/tags?post=64411"}],"curies":[{"name":"wp","href":"https:\/\/api.w.org\/{rel}","templated":true}]}}