{"id":64442,"date":"2024-09-10T14:42:18","date_gmt":"2024-09-10T14:42:18","guid":{"rendered":"https:\/\/sertv.gob.pa\/crisolfm\/?p=64442"},"modified":"2024-09-10T14:42:18","modified_gmt":"2024-09-10T14:42:18","slug":"directores-regionales-del-mop-reciben-capacitacion-en-manejo-de-fondos-y-bienes-publicos","status":"publish","type":"post","link":"https:\/\/sertv.gob.pa\/crisolfm\/directores-regionales-del-mop-reciben-capacitacion-en-manejo-de-fondos-y-bienes-publicos\/","title":{"rendered":"Directores regionales del MOP reciben capacitaci\u00f3n en manejo de fondos y bienes p\u00fablicos"},"content":{"rendered":"<p><strong>Una importante capacitaci\u00f3n dirigida a los directores provinciales del Ministerio de Obras P\u00fablicas (MOP), dict\u00f3\u00a0 el Lcdo. Rainier Alexis Del Rosario Franco, magistrado vicepresidente del Tribunal de Cuentas, la cual cont\u00f3 con la presencia del Ing. Iv\u00e1n De Ycaza, ministro encargado de Obras P\u00fablicas.<\/strong><\/p>\n<p><strong>El objetivo principal de la capacitaci\u00f3n, fue proporcionar a los directores provinciales, herramientas y conocimientos necesarios para fortalecer la administraci\u00f3n y asegurar una gesti\u00f3n responsable y transparente de los fondos y bienes p\u00fablicos.<\/strong><\/p>\n<p><strong>Estas sesiones de formaci\u00f3n, se realizan al inicio de cada quinquenio presidencial para asegurar que todos los funcionarios, comprendan plenamente sus responsabilidades y el manejo adecuado de los recursos estatales.<\/strong><\/p>\n<p><strong>Tambi\u00e9n se abordaron temas clave como el uso correcto de los veh\u00edculos del Estado y se discutieron las responsabilidades y derechos asociados al manejo de equipos de trabajo, como tractores, camiones, entre otros.<\/strong><\/p>\n<p>&nbsp;<\/p>\n<p>Fuente: MOP<\/p>\n","protected":false},"excerpt":{"rendered":"<p>Una importante capacitaci\u00f3n dirigida a los directores provinciales del Ministerio <a href=\"https:\/\/sertv.gob.pa\/crisolfm\/directores-regionales-del-mop-reciben-capacitacion-en-manejo-de-fondos-y-bienes-publicos\/\"> [&#8230;]<\/a><\/p>\n","protected":false},"author":9,"featured_media":64443,"comment_status":"closed","ping_status":"closed","sticky":false,"template":"","format":"standard","meta":{"footnotes":""},"categories":[12],"tags":[],"class_list":["post-64442","post","type-post","status-publish","format-standard","has-post-thumbnail","hentry","category-nacionales"],"_links":{"self":[{"href":"https:\/\/sertv.gob.pa\/crisolfm\/wp-json\/wp\/v2\/posts\/64442","targetHints":{"allow":["GET"]}}],"collection":[{"href":"https:\/\/sertv.gob.pa\/crisolfm\/wp-json\/wp\/v2\/posts"}],"about":[{"href":"https:\/\/sertv.gob.pa\/crisolfm\/wp-json\/wp\/v2\/types\/post"}],"author":[{"embeddable":true,"href":"https:\/\/sertv.gob.pa\/crisolfm\/wp-json\/wp\/v2\/users\/9"}],"replies":[{"embeddable":true,"href":"https:\/\/sertv.gob.pa\/crisolfm\/wp-json\/wp\/v2\/comments?post=64442"}],"version-history":[{"count":1,"href":"https:\/\/sertv.gob.pa\/crisolfm\/wp-json\/wp\/v2\/posts\/64442\/revisions"}],"predecessor-version":[{"id":64444,"href":"https:\/\/sertv.gob.pa\/crisolfm\/wp-json\/wp\/v2\/posts\/64442\/revisions\/64444"}],"wp:featuredmedia":[{"embeddable":true,"href":"https:\/\/sertv.gob.pa\/crisolfm\/wp-json\/wp\/v2\/media\/64443"}],"wp:attachment":[{"href":"https:\/\/sertv.gob.pa\/crisolfm\/wp-json\/wp\/v2\/media?parent=64442"}],"wp:term":[{"taxonomy":"category","embeddable":true,"href":"https:\/\/sertv.gob.pa\/crisolfm\/wp-json\/wp\/v2\/categories?post=64442"},{"taxonomy":"post_tag","embeddable":true,"href":"https:\/\/sertv.gob.pa\/crisolfm\/wp-json\/wp\/v2\/tags?post=64442"}],"curies":[{"name":"wp","href":"https:\/\/api.w.org\/{rel}","templated":true}]}}