{"id":6448,"date":"2016-10-14T15:49:10","date_gmt":"2016-10-14T15:49:10","guid":{"rendered":""},"modified":"2016-10-14T15:49:10","modified_gmt":"2016-10-14T15:49:10","slug":"en-canada-preocupante-descenso-de-las-manadas-de-renos","status":"publish","type":"post","link":"https:\/\/sertv.gob.pa\/crisolfm\/en-canada-preocupante-descenso-de-las-manadas-de-renos\/","title":{"rendered":"En Canad\u00e1  preocupante descenso de las manadas de renos"},"content":{"rendered":"<p>\nLas manadas de renos del \u00c1rtico canadiense, otrora numerosas, enfrentan una situaci\u00f3n peligrosa con el r\u00e1pido descenso de la mayor\u00eda de los reba\u00f1os, denunci\u00f3 \u00a0la oficina canadiense del  Fondo Mundial para la Naturaleza (WWF).  <\/p>\n<p>La especie es una de las \u00abm\u00e1s amenazadas en el pa\u00eds\u00bb, estim\u00f3 en un estudio el WWF-Canad\u00e1, al lanzar un llamado a actuar \u00abpara revertir la tendencia\u00bb. <\/p>\n<p>Las variaciones de poblaci\u00f3n son naturales en los renos y responden a ciclos conocidos. Sin embargo, \u00abel descenso actual es particularmente preocupante\u00bb, considera la organizaci\u00f3n, debido a las nuevas amenazas que enfrenta la especie, como el  cambio clim\u00e1tico y el aumento del desarrollo minero en la regi\u00f3n,  que afecta su migraci\u00f3n. <\/p>\n<p>\u00abEstas amenazas ocurren cuando las manadas se hallan en sus niveles m\u00e1s d\u00e9biles y no muestran ning\u00fan signo de recuperaci\u00f3n\u00bb, se\u00f1ala el estudio. As\u00ed, en los territorios del noroeste, la poblaci\u00f3n del reba\u00f1o Bathurst, que vive en la tundra del norte del Gran Lago del Esclavo, se redujo un 95% en los \u00faltimos 30 a\u00f1os, pasando de 472 mil renos en 1986 a menos de 20 mil en la actualidad. <\/p>\n<p>\u00abA\u00fan m\u00e1s preocupante\u00bb es que la tasa de las hembras pre\u00f1adas del grupo se ha reducido en un 23% entre 2012 y 2015, seg\u00fan el estudio. <\/p>\n<p>La manada de la isla de Baffin ha disminuido en un 98% en los \u00faltimos 25 a\u00f1os, durante los que su poblaci\u00f3n pas\u00f3 de 235 mil a s\u00f3lo 5 mil individuos. <\/p>\n<p>WWF solicit\u00f3 el establecimiento de una moratoria sobre los permisos de exploraci\u00f3n minera en \u00e1reas que han sido identificadas como zonas de parici\u00f3n en el Norte canadiense.\u00a0 <\/p>\n<p>\u00a0 <\/p>\n","protected":false},"excerpt":{"rendered":"<p>Las manadas de renos del \u00c1rtico canadiense, otrora numerosas, enfrentan <a href=\"https:\/\/sertv.gob.pa\/crisolfm\/en-canada-preocupante-descenso-de-las-manadas-de-renos\/\"> [&#8230;]<\/a><\/p>\n","protected":false},"author":1,"featured_media":6449,"comment_status":"closed","ping_status":"closed","sticky":false,"template":"","format":"standard","meta":{"footnotes":""},"categories":[7],"tags":[],"class_list":["post-6448","post","type-post","status-publish","format-standard","has-post-thumbnail","hentry","category-ecologicas"],"_links":{"self":[{"href":"https:\/\/sertv.gob.pa\/crisolfm\/wp-json\/wp\/v2\/posts\/6448","targetHints":{"allow":["GET"]}}],"collection":[{"href":"https:\/\/sertv.gob.pa\/crisolfm\/wp-json\/wp\/v2\/posts"}],"about":[{"href":"https:\/\/sertv.gob.pa\/crisolfm\/wp-json\/wp\/v2\/types\/post"}],"author":[{"embeddable":true,"href":"https:\/\/sertv.gob.pa\/crisolfm\/wp-json\/wp\/v2\/users\/1"}],"replies":[{"embeddable":true,"href":"https:\/\/sertv.gob.pa\/crisolfm\/wp-json\/wp\/v2\/comments?post=6448"}],"version-history":[{"count":0,"href":"https:\/\/sertv.gob.pa\/crisolfm\/wp-json\/wp\/v2\/posts\/6448\/revisions"}],"wp:featuredmedia":[{"embeddable":true,"href":"https:\/\/sertv.gob.pa\/crisolfm\/wp-json\/wp\/v2\/media\/6449"}],"wp:attachment":[{"href":"https:\/\/sertv.gob.pa\/crisolfm\/wp-json\/wp\/v2\/media?parent=6448"}],"wp:term":[{"taxonomy":"category","embeddable":true,"href":"https:\/\/sertv.gob.pa\/crisolfm\/wp-json\/wp\/v2\/categories?post=6448"},{"taxonomy":"post_tag","embeddable":true,"href":"https:\/\/sertv.gob.pa\/crisolfm\/wp-json\/wp\/v2\/tags?post=6448"}],"curies":[{"name":"wp","href":"https:\/\/api.w.org\/{rel}","templated":true}]}}