{"id":64497,"date":"2024-09-11T15:14:54","date_gmt":"2024-09-11T15:14:54","guid":{"rendered":"https:\/\/sertv.gob.pa\/crisolfm\/?p=64497"},"modified":"2024-09-11T15:14:54","modified_gmt":"2024-09-11T15:14:54","slug":"capacitan-al-personal-de-salud-sobre-prevencion-del-suicidio","status":"publish","type":"post","link":"https:\/\/sertv.gob.pa\/crisolfm\/capacitan-al-personal-de-salud-sobre-prevencion-del-suicidio\/","title":{"rendered":"Capacitan al personal de salud sobre prevenci\u00f3n del suicidio"},"content":{"rendered":"<p><strong>Col\u00f3n,\u00a0<\/strong><\/p>\n<p><strong>El personal de la Regi\u00f3n de Salud de Col\u00f3n, se capacit\u00f3 en cuanto a la prevenci\u00f3n del suicidio, como parte de las acciones en el marco de la Conmemoraci\u00f3n del D\u00eda Contra la Prevenci\u00f3n Contra el Suicidio, acci\u00f3n que se llev\u00f3 a cabo por la Coordinaci\u00f3n Regional del Programa de Salud Mental del Ministerio de Salud (MINSA)\/Col\u00f3n.<\/strong><\/p>\n<p><strong>Esta jornada de capacitaci\u00f3n, cont\u00f3 con la participaci\u00f3n de Nancy Torres, directora regional del MINSA en Col\u00f3n, quien mencion\u00f3 los temas que se abordaron como: la prevenci\u00f3n del comportamiento suicida en entornos de vida, \u00a1Hablemos de suicidio!, indicadores de riesgo en las personas en intento de suicidio y la conducta suicida en el adulto mayor.<\/strong><\/p>\n<p><strong>En el encuentro, se expusieron las se\u00f1ales que da una persona que corre el riesgo de suicidarse \u201cla persona habla acerca del suicidio o expresa frases como \u201cdesear\u00eda no haber nacido\u201d, \u201cquisiera estar muerto\u201d o similares, intenta obtener medios para hacer efectivo el hecho, cambios de humor, preocupaci\u00f3n por la muerte, abuso de alcohol y droga\u201d.<\/strong><\/p>\n<p><strong>En el caso de la regi\u00f3n de Salud de Col\u00f3n, todas las instalaciones son centros de atenci\u00f3n primaria, donde pueden buscar ayuda en que caso que la persona o un familiar este presentando ideas de suicidio.<\/strong><\/p>\n<p><strong>La capacitaci\u00f3n, fue organizada por la Licda. Liesel Miranda, enfermera coordinadora regional del Programa de Salud Mental de la Regi\u00f3n de Salud de Col\u00f3n.<\/strong><\/p>\n<p>&nbsp;<\/p>\n<p>Fuente: MINSA<\/p>\n","protected":false},"excerpt":{"rendered":"<p>Col\u00f3n,\u00a0 El personal de la Regi\u00f3n de Salud de Col\u00f3n, <a href=\"https:\/\/sertv.gob.pa\/crisolfm\/capacitan-al-personal-de-salud-sobre-prevencion-del-suicidio\/\"> [&#8230;]<\/a><\/p>\n","protected":false},"author":9,"featured_media":64498,"comment_status":"closed","ping_status":"closed","sticky":false,"template":"","format":"standard","meta":{"footnotes":""},"categories":[14],"tags":[],"class_list":["post-64497","post","type-post","status-publish","format-standard","has-post-thumbnail","hentry","category-salud"],"_links":{"self":[{"href":"https:\/\/sertv.gob.pa\/crisolfm\/wp-json\/wp\/v2\/posts\/64497","targetHints":{"allow":["GET"]}}],"collection":[{"href":"https:\/\/sertv.gob.pa\/crisolfm\/wp-json\/wp\/v2\/posts"}],"about":[{"href":"https:\/\/sertv.gob.pa\/crisolfm\/wp-json\/wp\/v2\/types\/post"}],"author":[{"embeddable":true,"href":"https:\/\/sertv.gob.pa\/crisolfm\/wp-json\/wp\/v2\/users\/9"}],"replies":[{"embeddable":true,"href":"https:\/\/sertv.gob.pa\/crisolfm\/wp-json\/wp\/v2\/comments?post=64497"}],"version-history":[{"count":1,"href":"https:\/\/sertv.gob.pa\/crisolfm\/wp-json\/wp\/v2\/posts\/64497\/revisions"}],"predecessor-version":[{"id":64499,"href":"https:\/\/sertv.gob.pa\/crisolfm\/wp-json\/wp\/v2\/posts\/64497\/revisions\/64499"}],"wp:featuredmedia":[{"embeddable":true,"href":"https:\/\/sertv.gob.pa\/crisolfm\/wp-json\/wp\/v2\/media\/64498"}],"wp:attachment":[{"href":"https:\/\/sertv.gob.pa\/crisolfm\/wp-json\/wp\/v2\/media?parent=64497"}],"wp:term":[{"taxonomy":"category","embeddable":true,"href":"https:\/\/sertv.gob.pa\/crisolfm\/wp-json\/wp\/v2\/categories?post=64497"},{"taxonomy":"post_tag","embeddable":true,"href":"https:\/\/sertv.gob.pa\/crisolfm\/wp-json\/wp\/v2\/tags?post=64497"}],"curies":[{"name":"wp","href":"https:\/\/api.w.org\/{rel}","templated":true}]}}