{"id":64509,"date":"2024-09-11T16:07:31","date_gmt":"2024-09-11T16:07:31","guid":{"rendered":"https:\/\/sertv.gob.pa\/crisolfm\/?p=64509"},"modified":"2024-09-11T16:07:31","modified_gmt":"2024-09-11T16:07:31","slug":"region-metropolitana-de-salud-conmemora-su-aniversario-no53","status":"publish","type":"post","link":"https:\/\/sertv.gob.pa\/crisolfm\/region-metropolitana-de-salud-conmemora-su-aniversario-no53\/","title":{"rendered":"Regi\u00f3n Metropolitana de Salud conmemora su aniversario N\u00ba53"},"content":{"rendered":"<div class=\"fusion-fullwidth fullwidth-box fusion-builder-row-1 fusion-flex-container has-pattern-background has-mask-background nonhundred-percent-fullwidth non-hundred-percent-height-scrolling\" style=\"--awb-border-radius-top-left:0px;--awb-border-radius-top-right:0px;--awb-border-radius-bottom-right:0px;--awb-border-radius-bottom-left:0px;--awb-flex-wrap:wrap;\" ><div class=\"fusion-builder-row fusion-row fusion-flex-align-items-flex-start fusion-flex-content-wrap\" style=\"max-width:1144px;margin-left: calc(-4% \/ 2 );margin-right: calc(-4% \/ 2 );\"><div class=\"fusion-layout-column fusion_builder_column fusion-builder-column-0 fusion_builder_column_1_1 1_1 fusion-flex-column\" style=\"--awb-bg-size:cover;--awb-width-large:100%;--awb-margin-top-large:0px;--awb-spacing-right-large:1.92%;--awb-margin-bottom-large:20px;--awb-spacing-left-large:1.92%;--awb-width-medium:100%;--awb-order-medium:0;--awb-spacing-right-medium:1.92%;--awb-spacing-left-medium:1.92%;--awb-width-small:100%;--awb-order-small:0;--awb-spacing-right-small:1.92%;--awb-spacing-left-small:1.92%;\"><div class=\"fusion-column-wrapper fusion-column-has-shadow fusion-flex-justify-content-flex-start fusion-content-layout-column\"><div class=\"fusion-text fusion-text-1\"><p><strong>En la sede regional de la Metropolitana de Salud, este 10 de septiembre se conmemor\u00f3 los 53 a\u00f1os con una celebraci\u00f3n religiosa auspiciada por el presb\u00edtero Vicente Moreno de la Iglesia Sagrado Coraz\u00f3n de Jes\u00fas del corregimiento de Anc\u00f3n con la participaci\u00f3n de todos funcionarios.<\/strong><\/p>\n<p><strong>Ricardo Torres Castillo director regional agradeci\u00f3, reconoci\u00f3 el gran trabajo que como equipo se realiza en la regi\u00f3n y exhort\u00f3 a continuar haciendo un buen trabajo, donde se inicia una nueva historia en salud.<\/strong><\/p>\n<p><strong>Los presentes pudieron disfrutar de un momento de esparcimiento y compartir entre compa\u00f1eros, adem\u00e1s de disfrutar la presentaci\u00f3n de la Orquesta de Sistema de Protecci\u00f3n Institucional (SPI).<\/strong><\/p>\n<p><strong>En la actividad acompa\u00f1\u00f3 el Secretario General, Julio Arosemena, los directores m\u00e9dicos de centros de salud, administrativos y t\u00e9cnicos en la regional de Salud.<\/strong><\/p>\n<p><strong>En la semana del 10 al 13 de septiembre se realizar\u00e1n diversas actividades como entrega de canastillas, actividades deportivas y seminario de salud y bienestar para los funcionarios<\/strong><\/p>\n<p><strong>Fuente: MINSA<\/strong><\/p>\n<\/div><div class=\"awb-gallery-wrapper awb-gallery-wrapper-1 button-span-no\" style=\"--more-btn-alignment:center;\"><div style=\"margin:-5px;--awb-bordersize:0px;\" class=\"fusion-gallery fusion-gallery-container fusion-grid-3 fusion-columns-total-3 fusion-gallery-layout-grid fusion-gallery-1\"><div style=\"padding:5px;\" class=\"fusion-grid-column fusion-gallery-column fusion-gallery-column-3 hover-type-none\"><div class=\"fusion-gallery-image\"><a href=\"https:\/\/sertv.gob.pa\/crisolfm\/wp-content\/uploads\/sites\/2\/2024\/09\/ANIVERSARIO-METROPOLITANA-2.jpeg\" rel=\"noreferrer\" data-rel=\"iLightbox[gallery_image_1]\" class=\"fusion-lightbox\" target=\"_self\"><img decoding=\"async\" src=\"https:\/\/sertv.gob.pa\/crisolfm\/wp-content\/uploads\/sites\/2\/2024\/09\/ANIVERSARIO-METROPOLITANA-2.jpeg\" width=\"600\" height=\"450\" alt=\"\" title=\"ANIVERSARIO METROPOLITANA 2\" aria-label=\"ANIVERSARIO METROPOLITANA 2\" class=\"img-responsive wp-image-64511\" srcset=\"https:\/\/sertv.gob.pa\/crisolfm\/wp-content\/uploads\/sites\/2\/2024\/09\/ANIVERSARIO-METROPOLITANA-2-200x150.jpeg 200w, https:\/\/sertv.gob.pa\/crisolfm\/wp-content\/uploads\/sites\/2\/2024\/09\/ANIVERSARIO-METROPOLITANA-2-400x300.jpeg 400w, https:\/\/sertv.gob.pa\/crisolfm\/wp-content\/uploads\/sites\/2\/2024\/09\/ANIVERSARIO-METROPOLITANA-2.jpeg 600w\" sizes=\"(min-width: 2200px) 100vw, (min-width: 784px) 363px, (min-width: 712px) 545px, (min-width: 640px) 712px, \" \/><\/a><\/div><\/div><div style=\"padding:5px;\" class=\"fusion-grid-column fusion-gallery-column fusion-gallery-column-3 hover-type-none\"><div class=\"fusion-gallery-image\"><a href=\"https:\/\/sertv.gob.pa\/crisolfm\/wp-content\/uploads\/sites\/2\/2024\/09\/ANIVERSARIO-METROPOLITANA-3.jpeg\" rel=\"noreferrer\" data-rel=\"iLightbox[gallery_image_1]\" class=\"fusion-lightbox\" target=\"_self\"><img decoding=\"async\" src=\"https:\/\/sertv.gob.pa\/crisolfm\/wp-content\/uploads\/sites\/2\/2024\/09\/ANIVERSARIO-METROPOLITANA-3.jpeg\" width=\"600\" height=\"450\" alt=\"\" title=\"ANIVERSARIO METROPOLITANA 3\" aria-label=\"ANIVERSARIO METROPOLITANA 3\" class=\"img-responsive wp-image-64512\" srcset=\"https:\/\/sertv.gob.pa\/crisolfm\/wp-content\/uploads\/sites\/2\/2024\/09\/ANIVERSARIO-METROPOLITANA-3-200x150.jpeg 200w, https:\/\/sertv.gob.pa\/crisolfm\/wp-content\/uploads\/sites\/2\/2024\/09\/ANIVERSARIO-METROPOLITANA-3-400x300.jpeg 400w, https:\/\/sertv.gob.pa\/crisolfm\/wp-content\/uploads\/sites\/2\/2024\/09\/ANIVERSARIO-METROPOLITANA-3.jpeg 600w\" sizes=\"(min-width: 2200px) 100vw, (min-width: 784px) 363px, (min-width: 712px) 545px, (min-width: 640px) 712px, \" \/><\/a><\/div><\/div><div style=\"padding:5px;\" class=\"fusion-grid-column fusion-gallery-column fusion-gallery-column-3 hover-type-none\"><div class=\"fusion-gallery-image\"><a href=\"https:\/\/sertv.gob.pa\/crisolfm\/wp-content\/uploads\/sites\/2\/2024\/09\/ANIVERSARIO-METROPOLITANA-4.jpeg\" rel=\"noreferrer\" data-rel=\"iLightbox[gallery_image_1]\" class=\"fusion-lightbox\" target=\"_self\"><img decoding=\"async\" src=\"https:\/\/sertv.gob.pa\/crisolfm\/wp-content\/uploads\/sites\/2\/2024\/09\/ANIVERSARIO-METROPOLITANA-4.jpeg\" width=\"600\" height=\"450\" alt=\"\" title=\"ANIVERSARIO METROPOLITANA 4\" aria-label=\"ANIVERSARIO METROPOLITANA 4\" class=\"img-responsive wp-image-64513\" srcset=\"https:\/\/sertv.gob.pa\/crisolfm\/wp-content\/uploads\/sites\/2\/2024\/09\/ANIVERSARIO-METROPOLITANA-4-200x150.jpeg 200w, https:\/\/sertv.gob.pa\/crisolfm\/wp-content\/uploads\/sites\/2\/2024\/09\/ANIVERSARIO-METROPOLITANA-4-400x300.jpeg 400w, https:\/\/sertv.gob.pa\/crisolfm\/wp-content\/uploads\/sites\/2\/2024\/09\/ANIVERSARIO-METROPOLITANA-4.jpeg 600w\" sizes=\"(min-width: 2200px) 100vw, (min-width: 784px) 363px, (min-width: 712px) 545px, (min-width: 640px) 712px, \" \/><\/a><\/div><\/div><div class=\"clearfix\"><\/div><\/div><\/div><\/div><\/div><\/div><\/div>\n","protected":false},"excerpt":{"rendered":"","protected":false},"author":9,"featured_media":64510,"comment_status":"closed","ping_status":"closed","sticky":false,"template":"","format":"standard","meta":{"footnotes":""},"categories":[14],"tags":[],"class_list":["post-64509","post","type-post","status-publish","format-standard","has-post-thumbnail","hentry","category-salud"],"_links":{"self":[{"href":"https:\/\/sertv.gob.pa\/crisolfm\/wp-json\/wp\/v2\/posts\/64509","targetHints":{"allow":["GET"]}}],"collection":[{"href":"https:\/\/sertv.gob.pa\/crisolfm\/wp-json\/wp\/v2\/posts"}],"about":[{"href":"https:\/\/sertv.gob.pa\/crisolfm\/wp-json\/wp\/v2\/types\/post"}],"author":[{"embeddable":true,"href":"https:\/\/sertv.gob.pa\/crisolfm\/wp-json\/wp\/v2\/users\/9"}],"replies":[{"embeddable":true,"href":"https:\/\/sertv.gob.pa\/crisolfm\/wp-json\/wp\/v2\/comments?post=64509"}],"version-history":[{"count":1,"href":"https:\/\/sertv.gob.pa\/crisolfm\/wp-json\/wp\/v2\/posts\/64509\/revisions"}],"predecessor-version":[{"id":64514,"href":"https:\/\/sertv.gob.pa\/crisolfm\/wp-json\/wp\/v2\/posts\/64509\/revisions\/64514"}],"wp:featuredmedia":[{"embeddable":true,"href":"https:\/\/sertv.gob.pa\/crisolfm\/wp-json\/wp\/v2\/media\/64510"}],"wp:attachment":[{"href":"https:\/\/sertv.gob.pa\/crisolfm\/wp-json\/wp\/v2\/media?parent=64509"}],"wp:term":[{"taxonomy":"category","embeddable":true,"href":"https:\/\/sertv.gob.pa\/crisolfm\/wp-json\/wp\/v2\/categories?post=64509"},{"taxonomy":"post_tag","embeddable":true,"href":"https:\/\/sertv.gob.pa\/crisolfm\/wp-json\/wp\/v2\/tags?post=64509"}],"curies":[{"name":"wp","href":"https:\/\/api.w.org\/{rel}","templated":true}]}}