{"id":64524,"date":"2024-09-11T18:08:05","date_gmt":"2024-09-11T18:08:05","guid":{"rendered":"https:\/\/sertv.gob.pa\/crisolfm\/?p=64524"},"modified":"2024-09-11T18:08:05","modified_gmt":"2024-09-11T18:08:05","slug":"culmina-taller-con-especialistas-en-nutricion-escolar-y-agronomia","status":"publish","type":"post","link":"https:\/\/sertv.gob.pa\/crisolfm\/culmina-taller-con-especialistas-en-nutricion-escolar-y-agronomia\/","title":{"rendered":"Culmina taller con especialistas en nutrici\u00f3n escolar y agronom\u00eda"},"content":{"rendered":"<p>Con la presencia de 40 participantes entre nutricionistas \u2013 dietistas y agr\u00f3nomos de las distintas regiones educativas culmin\u00f3 con \u00e9xito el taller enfocado en desarrollar el plan estrat\u00e9gico para el programa Estudiar sin Hambre (ESH) para este 2024.<\/p>\n<p>La directora de Nutrici\u00f3n y Salud Escolar, Gilda Montenegro, dijo que, el taller logr\u00f3 abrir expectativas a corto plazo con el fin de que el programa ESH llegue a cada uno de nuestros estudiantes. Agradeci\u00f3 a los presentes y expositores por tan exitosa reuni\u00f3n que sobrepaso las expectativas.<\/p>\n<p>La nutricionista de la regi\u00f3n escolar de Herrera, Melissa Lima, expres\u00f3 que, fue interesante participar y conocer la actualizaci\u00f3n de los diferentes programas de nutrici\u00f3n en las distintas regiones.<\/p>\n<p>En el \u00faltimo d\u00eda del taller, se convers\u00f3 sobre los temas de contrataciones y administraci\u00f3n p\u00fablicas y talleres de porci\u00f3n y estandarizaci\u00f3n de alimentos. El encuentro se realiz\u00f3 durante los d\u00edas 4, 5, y 6 de septiembre, en el Centro de Formaci\u00f3n Integral Biling\u00fce de Azuero Papa Francisco.<\/p>\n<p>En el taller, adem\u00e1s de Montenegro, tambi\u00e9n participaron del Instituto de Innovaci\u00f3n Agropecuaria de Panam\u00e1 (IDIAP), Anovel Barba; Caja de Ahorros, \u00c1ngel P\u00e9rez; Ministerio de Desarrollo Agropecuario, Juan Solis; Ministerio de Ambiente, Marlenis Mar\u00edn; entre otros.<\/p>\n<p>&nbsp;<\/p>\n<p>Fuente: MEDUCA<\/p>\n","protected":false},"excerpt":{"rendered":"<p>Con la presencia de 40 participantes entre nutricionistas \u2013 dietistas <a href=\"https:\/\/sertv.gob.pa\/crisolfm\/culmina-taller-con-especialistas-en-nutricion-escolar-y-agronomia\/\"> [&#8230;]<\/a><\/p>\n","protected":false},"author":9,"featured_media":64525,"comment_status":"closed","ping_status":"closed","sticky":false,"template":"","format":"standard","meta":{"footnotes":""},"categories":[12],"tags":[],"class_list":["post-64524","post","type-post","status-publish","format-standard","has-post-thumbnail","hentry","category-nacionales"],"_links":{"self":[{"href":"https:\/\/sertv.gob.pa\/crisolfm\/wp-json\/wp\/v2\/posts\/64524","targetHints":{"allow":["GET"]}}],"collection":[{"href":"https:\/\/sertv.gob.pa\/crisolfm\/wp-json\/wp\/v2\/posts"}],"about":[{"href":"https:\/\/sertv.gob.pa\/crisolfm\/wp-json\/wp\/v2\/types\/post"}],"author":[{"embeddable":true,"href":"https:\/\/sertv.gob.pa\/crisolfm\/wp-json\/wp\/v2\/users\/9"}],"replies":[{"embeddable":true,"href":"https:\/\/sertv.gob.pa\/crisolfm\/wp-json\/wp\/v2\/comments?post=64524"}],"version-history":[{"count":1,"href":"https:\/\/sertv.gob.pa\/crisolfm\/wp-json\/wp\/v2\/posts\/64524\/revisions"}],"predecessor-version":[{"id":64526,"href":"https:\/\/sertv.gob.pa\/crisolfm\/wp-json\/wp\/v2\/posts\/64524\/revisions\/64526"}],"wp:featuredmedia":[{"embeddable":true,"href":"https:\/\/sertv.gob.pa\/crisolfm\/wp-json\/wp\/v2\/media\/64525"}],"wp:attachment":[{"href":"https:\/\/sertv.gob.pa\/crisolfm\/wp-json\/wp\/v2\/media?parent=64524"}],"wp:term":[{"taxonomy":"category","embeddable":true,"href":"https:\/\/sertv.gob.pa\/crisolfm\/wp-json\/wp\/v2\/categories?post=64524"},{"taxonomy":"post_tag","embeddable":true,"href":"https:\/\/sertv.gob.pa\/crisolfm\/wp-json\/wp\/v2\/tags?post=64524"}],"curies":[{"name":"wp","href":"https:\/\/api.w.org\/{rel}","templated":true}]}}