{"id":64560,"date":"2024-09-12T15:52:23","date_gmt":"2024-09-12T15:52:23","guid":{"rendered":"https:\/\/sertv.gob.pa\/crisolfm\/?p=64560"},"modified":"2024-09-12T15:52:23","modified_gmt":"2024-09-12T15:52:23","slug":"realizan-supervision-a-clinica-penitenciaria-en-la-region-de-salud-de-herrera","status":"publish","type":"post","link":"https:\/\/sertv.gob.pa\/crisolfm\/realizan-supervision-a-clinica-penitenciaria-en-la-region-de-salud-de-herrera\/","title":{"rendered":"Realizan supervisi\u00f3n a Cl\u00ednica Penitenciaria en la Regi\u00f3n de Salud de Herrera"},"content":{"rendered":"<div class=\"fusion-fullwidth fullwidth-box fusion-builder-row-1 fusion-flex-container has-pattern-background has-mask-background nonhundred-percent-fullwidth non-hundred-percent-height-scrolling\" style=\"--awb-border-radius-top-left:0px;--awb-border-radius-top-right:0px;--awb-border-radius-bottom-right:0px;--awb-border-radius-bottom-left:0px;--awb-flex-wrap:wrap;\" ><div class=\"fusion-builder-row fusion-row fusion-flex-align-items-flex-start fusion-flex-content-wrap\" style=\"max-width:1144px;margin-left: calc(-4% \/ 2 );margin-right: calc(-4% \/ 2 );\"><div class=\"fusion-layout-column fusion_builder_column fusion-builder-column-0 fusion_builder_column_1_1 1_1 fusion-flex-column\" style=\"--awb-bg-size:cover;--awb-width-large:100%;--awb-margin-top-large:0px;--awb-spacing-right-large:1.92%;--awb-margin-bottom-large:20px;--awb-spacing-left-large:1.92%;--awb-width-medium:100%;--awb-order-medium:0;--awb-spacing-right-medium:1.92%;--awb-spacing-left-medium:1.92%;--awb-width-small:100%;--awb-order-small:0;--awb-spacing-right-small:1.92%;--awb-spacing-left-small:1.92%;\"><div class=\"fusion-column-wrapper fusion-column-has-shadow fusion-flex-justify-content-flex-start fusion-content-layout-column\"><div class=\"fusion-text fusion-text-1\"><p><strong>La Cl\u00ednica Penitenciaria del Centro de Custodia y Cumplimiento de Menores, coordinada por Salud Penitenciaria de la Regi\u00f3n de Salud de Herrera, recibi\u00f3 una importante visita de supervisi\u00f3n por parte de la Coordinaci\u00f3n Nacional de Salud Penitenciaria.<\/strong><\/p>\n<p><strong>Esta visita, llevada a cabo con el objetivo de evaluar la atenci\u00f3n y los servicios de salud ofrecidos a los adolescentes en conflictos con la Ley, forma parte de los esfuerzos continuos por garantizar la protecci\u00f3n de los derechos humanos de esta poblaci\u00f3n vulnerable.<\/strong><\/p>\n<p><strong>Durante la supervisi\u00f3n, se revisaron los servicios m\u00e9dicos y de enfermer\u00eda que se ofrecen en la cl\u00ednica, la cual atiende a 51 adolescentes en conflictos con la Ley.<\/strong><\/p>\n<p><strong>En el primer semestre de 2024, se registraron 503 atenciones m\u00e9dicas y de enfermer\u00eda, adem\u00e1s de 190 consultas odontol\u00f3gicas, servicios que forman parte del compromiso de asegurar una atenci\u00f3n integral a los menores dentro del sistema penitenciario, promoviendo su bienestar f\u00edsico y mental.<\/strong><\/p>\n<p><strong>Estas consultas incluyen adem\u00e1s de la revisi\u00f3n m\u00e9dica, atenci\u00f3n del servicio de salud mental y actividades docentes que les brindan habilidades para la vida como herramienta para su proceso de reinserci\u00f3n social.<\/strong><\/p>\n<p><strong>La visita y evaluaci\u00f3n responden a la estrategia nacional de fortalecer la salud penitenciaria en el pa\u00eds, con especial enfoque en la mejora continua de la calidad de los servicios m\u00e9dicos y la protecci\u00f3n de los derechos fundamentales de los privados de libertad.<\/strong><\/p>\n<p>Fuente: MINSA<\/p>\n<\/div><div class=\"awb-gallery-wrapper awb-gallery-wrapper-1 button-span-no\" style=\"--more-btn-alignment:center;\"><div style=\"margin:-5px;--awb-bordersize:0px;\" class=\"fusion-gallery fusion-gallery-container fusion-grid-3 fusion-columns-total-1 fusion-gallery-layout-grid fusion-gallery-1\"><div style=\"padding:5px;\" class=\"fusion-grid-column fusion-gallery-column fusion-gallery-column-3 hover-type-none\"><div class=\"fusion-gallery-image\"><a href=\"https:\/\/sertv.gob.pa\/crisolfm\/wp-content\/uploads\/sites\/2\/2024\/09\/CLINICA-PENITENCIARIA-HERRERA-2.jpeg\" rel=\"noreferrer\" data-rel=\"iLightbox[gallery_image_1]\" class=\"fusion-lightbox\" target=\"_self\"><img decoding=\"async\" src=\"https:\/\/sertv.gob.pa\/crisolfm\/wp-content\/uploads\/sites\/2\/2024\/09\/CLINICA-PENITENCIARIA-HERRERA-2.jpeg\" width=\"600\" height=\"450\" alt=\"\" title=\"CL\u00cdNICA PENITENCIARIA HERRERA 2\" aria-label=\"CL\u00cdNICA PENITENCIARIA HERRERA 2\" class=\"img-responsive wp-image-64562\" srcset=\"https:\/\/sertv.gob.pa\/crisolfm\/wp-content\/uploads\/sites\/2\/2024\/09\/CLINICA-PENITENCIARIA-HERRERA-2-200x150.jpeg 200w, https:\/\/sertv.gob.pa\/crisolfm\/wp-content\/uploads\/sites\/2\/2024\/09\/CLINICA-PENITENCIARIA-HERRERA-2-400x300.jpeg 400w, https:\/\/sertv.gob.pa\/crisolfm\/wp-content\/uploads\/sites\/2\/2024\/09\/CLINICA-PENITENCIARIA-HERRERA-2.jpeg 600w\" sizes=\"(min-width: 2200px) 100vw, (min-width: 784px) 363px, (min-width: 712px) 545px, (min-width: 640px) 712px, \" \/><\/a><\/div><\/div><\/div><\/div><\/div><\/div><\/div><\/div>\n","protected":false},"excerpt":{"rendered":"","protected":false},"author":9,"featured_media":64561,"comment_status":"closed","ping_status":"closed","sticky":false,"template":"","format":"standard","meta":{"footnotes":""},"categories":[14],"tags":[],"class_list":["post-64560","post","type-post","status-publish","format-standard","has-post-thumbnail","hentry","category-salud"],"_links":{"self":[{"href":"https:\/\/sertv.gob.pa\/crisolfm\/wp-json\/wp\/v2\/posts\/64560","targetHints":{"allow":["GET"]}}],"collection":[{"href":"https:\/\/sertv.gob.pa\/crisolfm\/wp-json\/wp\/v2\/posts"}],"about":[{"href":"https:\/\/sertv.gob.pa\/crisolfm\/wp-json\/wp\/v2\/types\/post"}],"author":[{"embeddable":true,"href":"https:\/\/sertv.gob.pa\/crisolfm\/wp-json\/wp\/v2\/users\/9"}],"replies":[{"embeddable":true,"href":"https:\/\/sertv.gob.pa\/crisolfm\/wp-json\/wp\/v2\/comments?post=64560"}],"version-history":[{"count":1,"href":"https:\/\/sertv.gob.pa\/crisolfm\/wp-json\/wp\/v2\/posts\/64560\/revisions"}],"predecessor-version":[{"id":64563,"href":"https:\/\/sertv.gob.pa\/crisolfm\/wp-json\/wp\/v2\/posts\/64560\/revisions\/64563"}],"wp:featuredmedia":[{"embeddable":true,"href":"https:\/\/sertv.gob.pa\/crisolfm\/wp-json\/wp\/v2\/media\/64561"}],"wp:attachment":[{"href":"https:\/\/sertv.gob.pa\/crisolfm\/wp-json\/wp\/v2\/media?parent=64560"}],"wp:term":[{"taxonomy":"category","embeddable":true,"href":"https:\/\/sertv.gob.pa\/crisolfm\/wp-json\/wp\/v2\/categories?post=64560"},{"taxonomy":"post_tag","embeddable":true,"href":"https:\/\/sertv.gob.pa\/crisolfm\/wp-json\/wp\/v2\/tags?post=64560"}],"curies":[{"name":"wp","href":"https:\/\/api.w.org\/{rel}","templated":true}]}}