{"id":64590,"date":"2024-09-13T14:02:13","date_gmt":"2024-09-13T14:02:13","guid":{"rendered":"https:\/\/sertv.gob.pa\/crisolfm\/?p=64590"},"modified":"2024-09-13T14:02:13","modified_gmt":"2024-09-13T14:02:13","slug":"la-region-de-salud-de-chiriqui-lleva-servicios-de-salud-a-feria-escolar-de-el-palmar-en-baru","status":"publish","type":"post","link":"https:\/\/sertv.gob.pa\/crisolfm\/la-region-de-salud-de-chiriqui-lleva-servicios-de-salud-a-feria-escolar-de-el-palmar-en-baru\/","title":{"rendered":"La Regi\u00f3n de Salud de Chiriqu\u00ed lleva servicios de salud a feria escolar de El Palmar en Bar\u00fa"},"content":{"rendered":"<p><strong>Una serie de servicios y atenciones brind\u00f3 el equipo de enfermer\u00eda, promotores y educadores para la salud en la denominada \u201cferia escolar\u201d organizada por el centro educativo El Palmar en el distrito de Bar\u00fa, provincia de Chiriqu\u00ed.<\/strong><\/p>\n<p><strong>Temas de importancia para la ni\u00f1ez y la adolescencia fueron dictados por los especialistas del minsa quienes a trav\u00e9s de talleres y herramientas l\u00fadicas llegaron a los menores recalcando la importancia de la buena alimentaci\u00f3n y los controles de salud.<\/strong><\/p>\n<p><strong>Prevenci\u00f3n de enfermedades de transmisi\u00f3n sexual, embarazo precoz y tabaquismo, fueron algunas de las charlas dictadas, donde los estudiantes participaron activamente con preguntas y ejercicios que les permitieron aprender y ganar.<\/strong><\/p>\n<p><strong>Tambi\u00e9n abordaron el tema del Dengue, toda vez que el distrito de Bar\u00fa figura entre los tres sitios de la provincia con m\u00e1s casos, adem\u00e1s renovaron su compromiso de trasmitir a sus padres y vecinos la importancia de mantener limpios los predios para evitar los criaderos.<\/strong><\/p>\n<p><strong>Cabe resaltar que, el Ministerio de Salud en conjunto con el Ministerio de Educaci\u00f3n continuar\u00e1 efectuando esta jornadas convencidos que la educaci\u00f3n y la buena salud van de la mano para la formaci\u00f3n de un ser humano integral.<\/strong><\/p>\n<p>&nbsp;<\/p>\n<p>Fuente: MINSA<\/p>\n<p>&nbsp;<\/p>\n","protected":false},"excerpt":{"rendered":"<p>Una serie de servicios y atenciones brind\u00f3 el equipo de <a href=\"https:\/\/sertv.gob.pa\/crisolfm\/la-region-de-salud-de-chiriqui-lleva-servicios-de-salud-a-feria-escolar-de-el-palmar-en-baru\/\"> [&#8230;]<\/a><\/p>\n","protected":false},"author":9,"featured_media":64591,"comment_status":"closed","ping_status":"closed","sticky":false,"template":"","format":"standard","meta":{"footnotes":""},"categories":[14],"tags":[],"class_list":["post-64590","post","type-post","status-publish","format-standard","has-post-thumbnail","hentry","category-salud"],"_links":{"self":[{"href":"https:\/\/sertv.gob.pa\/crisolfm\/wp-json\/wp\/v2\/posts\/64590","targetHints":{"allow":["GET"]}}],"collection":[{"href":"https:\/\/sertv.gob.pa\/crisolfm\/wp-json\/wp\/v2\/posts"}],"about":[{"href":"https:\/\/sertv.gob.pa\/crisolfm\/wp-json\/wp\/v2\/types\/post"}],"author":[{"embeddable":true,"href":"https:\/\/sertv.gob.pa\/crisolfm\/wp-json\/wp\/v2\/users\/9"}],"replies":[{"embeddable":true,"href":"https:\/\/sertv.gob.pa\/crisolfm\/wp-json\/wp\/v2\/comments?post=64590"}],"version-history":[{"count":1,"href":"https:\/\/sertv.gob.pa\/crisolfm\/wp-json\/wp\/v2\/posts\/64590\/revisions"}],"predecessor-version":[{"id":64592,"href":"https:\/\/sertv.gob.pa\/crisolfm\/wp-json\/wp\/v2\/posts\/64590\/revisions\/64592"}],"wp:featuredmedia":[{"embeddable":true,"href":"https:\/\/sertv.gob.pa\/crisolfm\/wp-json\/wp\/v2\/media\/64591"}],"wp:attachment":[{"href":"https:\/\/sertv.gob.pa\/crisolfm\/wp-json\/wp\/v2\/media?parent=64590"}],"wp:term":[{"taxonomy":"category","embeddable":true,"href":"https:\/\/sertv.gob.pa\/crisolfm\/wp-json\/wp\/v2\/categories?post=64590"},{"taxonomy":"post_tag","embeddable":true,"href":"https:\/\/sertv.gob.pa\/crisolfm\/wp-json\/wp\/v2\/tags?post=64590"}],"curies":[{"name":"wp","href":"https:\/\/api.w.org\/{rel}","templated":true}]}}