{"id":64593,"date":"2024-09-13T14:33:25","date_gmt":"2024-09-13T14:33:25","guid":{"rendered":"https:\/\/sertv.gob.pa\/crisolfm\/?p=64593"},"modified":"2024-09-13T14:33:25","modified_gmt":"2024-09-13T14:33:25","slug":"caminata-y-feria-interinstitucional-enfocadas-en-el-cuidado-de-la-salud-mental-en-ocu","status":"publish","type":"post","link":"https:\/\/sertv.gob.pa\/crisolfm\/caminata-y-feria-interinstitucional-enfocadas-en-el-cuidado-de-la-salud-mental-en-ocu\/","title":{"rendered":"Caminata y feria interinstitucional enfocadas en el cuidado de la salud mental en Oc\u00fa"},"content":{"rendered":"<div class=\"fusion-fullwidth fullwidth-box fusion-builder-row-1 fusion-flex-container has-pattern-background has-mask-background nonhundred-percent-fullwidth non-hundred-percent-height-scrolling\" style=\"--awb-border-radius-top-left:0px;--awb-border-radius-top-right:0px;--awb-border-radius-bottom-right:0px;--awb-border-radius-bottom-left:0px;--awb-flex-wrap:wrap;\" ><div class=\"fusion-builder-row fusion-row fusion-flex-align-items-flex-start fusion-flex-content-wrap\" style=\"max-width:1144px;margin-left: calc(-4% \/ 2 );margin-right: calc(-4% \/ 2 );\"><div class=\"fusion-layout-column fusion_builder_column fusion-builder-column-0 fusion_builder_column_1_1 1_1 fusion-flex-column\" style=\"--awb-bg-size:cover;--awb-width-large:100%;--awb-margin-top-large:0px;--awb-spacing-right-large:1.92%;--awb-margin-bottom-large:20px;--awb-spacing-left-large:1.92%;--awb-width-medium:100%;--awb-order-medium:0;--awb-spacing-right-medium:1.92%;--awb-spacing-left-medium:1.92%;--awb-width-small:100%;--awb-order-small:0;--awb-spacing-right-small:1.92%;--awb-spacing-left-small:1.92%;\"><div class=\"fusion-column-wrapper fusion-column-has-shadow fusion-flex-justify-content-flex-start fusion-content-layout-column\"><div class=\"fusion-text fusion-text-1\"><p><strong>En el marco de las acciones preventivas dirigidas a la salud mental, y como parte de la conmemoraci\u00f3n del D\u00eda Mundial para la Prevenci\u00f3n del Suicidio, la Regi\u00f3n de Salud de Herrera, en conjunto con diversas entidades gubernamentales y organizaciones de la sociedad civil, llev\u00f3 a cabo una caminata y feria interinstitucional en el distrito de Oc\u00fa.<\/strong><\/p>\n<p><strong>La actividad estuvo enfocada en la prevenci\u00f3n de conductas de riesgo suicida entre la poblaci\u00f3n, promoviendo el bienestar emocional y el apoyo comunitario, y cont\u00f3 con la participaci\u00f3n de autoridades locales y profesionales que forman parte de la Red de Abordaje\u00a0 de las conductas de Riesgo Suicida, quienes se unieron a este esfuerzo para sensibilizar a la poblaci\u00f3n sobre la importancia de cuidar la salud mental y buscar ayuda oportuna en momentos de crisis.<\/strong><\/p>\n<p><strong>Posterior a la caminata, se desarroll\u00f3 una feria en el parque San Sebasti\u00e1n,\u00a0 donde se ofreci\u00f3 informaci\u00f3n sobre la identificaci\u00f3n de se\u00f1ales de alerta, la importancia del acompa\u00f1amiento emocional y las estrategias para manejar situaciones de estr\u00e9s. Adem\u00e1s, se brindaron charlas sobre los factores protectores y de riesgo asociados al suicidio.<\/strong><\/p>\n<p><strong>El director regional de Salud de Herrera, Hilario Correa, destac\u00f3 la relevancia de este tipo de eventos para fortalecer los lazos comunitarios y reducir el estigma asociado a las enfermedades mentales. \u00abEs fundamental que la poblaci\u00f3n sepa que no est\u00e1n solos, que existen redes de apoyo y que es importante pedir ayuda a tiempo\u00bb, expres\u00f3 Correa.<\/strong><\/p>\n<p><strong>Seg\u00fan datos estad\u00edsticos del Ministerio de Salud, en la provincia de Herrera en el a\u00f1o 2023; se registr\u00f3 un total de 155 personas que acudieron a recibir atenci\u00f3n m\u00e9dica por conductas de riego suicidas; de los cuales 115 fueron atendidos en las instalaciones de la provincia de Herrera y 40 herreranos fueron atendidos en el Hospital Anita Moreno de Los Santos.<\/strong><\/p>\n<p><strong>Para el primer semestre del a\u00f1o 2024 primer semestre se mantienen registros similares, con un promedio mensual\u00a0 de\u00a0 12,9 personas que acuden a nuestras instalaciones por conducta de riesgo suicidas, siendo el grupo de edad m\u00e1s afectado, los adolescentes.<\/strong><\/p>\n<p>Fuente: MINSA<\/p>\n<\/div><div class=\"awb-gallery-wrapper awb-gallery-wrapper-1 button-span-no\" style=\"--more-btn-alignment:center;\"><div style=\"margin:-5px;--awb-bordersize:0px;\" class=\"fusion-gallery fusion-gallery-container fusion-grid-3 fusion-columns-total-3 fusion-gallery-layout-grid fusion-gallery-1\"><div style=\"padding:5px;\" class=\"fusion-grid-column fusion-gallery-column fusion-gallery-column-3 hover-type-none\"><div class=\"fusion-gallery-image\"><a href=\"https:\/\/sertv.gob.pa\/crisolfm\/wp-content\/uploads\/sites\/2\/2024\/09\/CAMINATA-Y-FERIA-3.jpeg\" rel=\"noreferrer\" data-rel=\"iLightbox[gallery_image_1]\" class=\"fusion-lightbox\" target=\"_self\"><img decoding=\"async\" src=\"https:\/\/sertv.gob.pa\/crisolfm\/wp-content\/uploads\/sites\/2\/2024\/09\/CAMINATA-Y-FERIA-3.jpeg\" width=\"600\" height=\"417\" alt=\"\" title=\"CAMINATA Y FERIA 3\" aria-label=\"CAMINATA Y FERIA 3\" class=\"img-responsive wp-image-64595\" srcset=\"https:\/\/sertv.gob.pa\/crisolfm\/wp-content\/uploads\/sites\/2\/2024\/09\/CAMINATA-Y-FERIA-3-200x139.jpeg 200w, https:\/\/sertv.gob.pa\/crisolfm\/wp-content\/uploads\/sites\/2\/2024\/09\/CAMINATA-Y-FERIA-3-400x278.jpeg 400w, https:\/\/sertv.gob.pa\/crisolfm\/wp-content\/uploads\/sites\/2\/2024\/09\/CAMINATA-Y-FERIA-3.jpeg 600w\" sizes=\"(min-width: 2200px) 100vw, (min-width: 784px) 363px, (min-width: 712px) 545px, (min-width: 640px) 712px, \" \/><\/a><\/div><\/div><div style=\"padding:5px;\" class=\"fusion-grid-column fusion-gallery-column fusion-gallery-column-3 hover-type-none\"><div class=\"fusion-gallery-image\"><a href=\"https:\/\/sertv.gob.pa\/crisolfm\/wp-content\/uploads\/sites\/2\/2024\/09\/CAMINATA-Y-FERIA-4.jpeg\" rel=\"noreferrer\" data-rel=\"iLightbox[gallery_image_1]\" class=\"fusion-lightbox\" target=\"_self\"><img decoding=\"async\" src=\"https:\/\/sertv.gob.pa\/crisolfm\/wp-content\/uploads\/sites\/2\/2024\/09\/CAMINATA-Y-FERIA-4.jpeg\" width=\"600\" height=\"416\" alt=\"\" title=\"CAMINATA Y FERIA 4\" aria-label=\"CAMINATA Y FERIA 4\" class=\"img-responsive wp-image-64596\" srcset=\"https:\/\/sertv.gob.pa\/crisolfm\/wp-content\/uploads\/sites\/2\/2024\/09\/CAMINATA-Y-FERIA-4-200x139.jpeg 200w, https:\/\/sertv.gob.pa\/crisolfm\/wp-content\/uploads\/sites\/2\/2024\/09\/CAMINATA-Y-FERIA-4-400x277.jpeg 400w, https:\/\/sertv.gob.pa\/crisolfm\/wp-content\/uploads\/sites\/2\/2024\/09\/CAMINATA-Y-FERIA-4.jpeg 600w\" sizes=\"(min-width: 2200px) 100vw, (min-width: 784px) 363px, (min-width: 712px) 545px, (min-width: 640px) 712px, \" \/><\/a><\/div><\/div><div style=\"padding:5px;\" class=\"fusion-grid-column fusion-gallery-column fusion-gallery-column-3 hover-type-none\"><div class=\"fusion-gallery-image\"><a href=\"https:\/\/sertv.gob.pa\/crisolfm\/wp-content\/uploads\/sites\/2\/2024\/09\/CAMINATA-Y-FERIA-5.jpeg\" rel=\"noreferrer\" data-rel=\"iLightbox[gallery_image_1]\" class=\"fusion-lightbox\" target=\"_self\"><img decoding=\"async\" src=\"https:\/\/sertv.gob.pa\/crisolfm\/wp-content\/uploads\/sites\/2\/2024\/09\/CAMINATA-Y-FERIA-5.jpeg\" width=\"600\" height=\"314\" alt=\"\" title=\"CAMINATA Y FERIA 5\" aria-label=\"CAMINATA Y FERIA 5\" class=\"img-responsive wp-image-64597\" srcset=\"https:\/\/sertv.gob.pa\/crisolfm\/wp-content\/uploads\/sites\/2\/2024\/09\/CAMINATA-Y-FERIA-5-200x105.jpeg 200w, https:\/\/sertv.gob.pa\/crisolfm\/wp-content\/uploads\/sites\/2\/2024\/09\/CAMINATA-Y-FERIA-5-400x209.jpeg 400w, https:\/\/sertv.gob.pa\/crisolfm\/wp-content\/uploads\/sites\/2\/2024\/09\/CAMINATA-Y-FERIA-5.jpeg 600w\" sizes=\"(min-width: 2200px) 100vw, (min-width: 784px) 363px, (min-width: 712px) 545px, (min-width: 640px) 712px, \" \/><\/a><\/div><\/div><div class=\"clearfix\"><\/div><\/div><\/div><\/div><\/div><\/div><\/div>\n","protected":false},"excerpt":{"rendered":"","protected":false},"author":9,"featured_media":64594,"comment_status":"closed","ping_status":"closed","sticky":false,"template":"","format":"standard","meta":{"footnotes":""},"categories":[14],"tags":[],"class_list":["post-64593","post","type-post","status-publish","format-standard","has-post-thumbnail","hentry","category-salud"],"_links":{"self":[{"href":"https:\/\/sertv.gob.pa\/crisolfm\/wp-json\/wp\/v2\/posts\/64593","targetHints":{"allow":["GET"]}}],"collection":[{"href":"https:\/\/sertv.gob.pa\/crisolfm\/wp-json\/wp\/v2\/posts"}],"about":[{"href":"https:\/\/sertv.gob.pa\/crisolfm\/wp-json\/wp\/v2\/types\/post"}],"author":[{"embeddable":true,"href":"https:\/\/sertv.gob.pa\/crisolfm\/wp-json\/wp\/v2\/users\/9"}],"replies":[{"embeddable":true,"href":"https:\/\/sertv.gob.pa\/crisolfm\/wp-json\/wp\/v2\/comments?post=64593"}],"version-history":[{"count":1,"href":"https:\/\/sertv.gob.pa\/crisolfm\/wp-json\/wp\/v2\/posts\/64593\/revisions"}],"predecessor-version":[{"id":64598,"href":"https:\/\/sertv.gob.pa\/crisolfm\/wp-json\/wp\/v2\/posts\/64593\/revisions\/64598"}],"wp:featuredmedia":[{"embeddable":true,"href":"https:\/\/sertv.gob.pa\/crisolfm\/wp-json\/wp\/v2\/media\/64594"}],"wp:attachment":[{"href":"https:\/\/sertv.gob.pa\/crisolfm\/wp-json\/wp\/v2\/media?parent=64593"}],"wp:term":[{"taxonomy":"category","embeddable":true,"href":"https:\/\/sertv.gob.pa\/crisolfm\/wp-json\/wp\/v2\/categories?post=64593"},{"taxonomy":"post_tag","embeddable":true,"href":"https:\/\/sertv.gob.pa\/crisolfm\/wp-json\/wp\/v2\/tags?post=64593"}],"curies":[{"name":"wp","href":"https:\/\/api.w.org\/{rel}","templated":true}]}}