{"id":64605,"date":"2024-09-13T15:23:29","date_gmt":"2024-09-13T15:23:29","guid":{"rendered":"https:\/\/sertv.gob.pa\/crisolfm\/?p=64605"},"modified":"2024-09-13T15:23:29","modified_gmt":"2024-09-13T15:23:29","slug":"capacitan-a-docentes-del-colegio-abel-bravo-sobre-la-prevencion-del-suicidio","status":"publish","type":"post","link":"https:\/\/sertv.gob.pa\/crisolfm\/capacitan-a-docentes-del-colegio-abel-bravo-sobre-la-prevencion-del-suicidio\/","title":{"rendered":"Capacitan a docentes del colegio Abel Bravo sobre la prevenci\u00f3n del suicidio"},"content":{"rendered":"<p><strong>Los Departamentos de Promoci\u00f3n y Educaci\u00f3n para la Salud y Coordinaci\u00f3n Ni\u00f1ez y Adolescencia de la Regi\u00f3n de Salud de Col\u00f3n, en el marco de la prevenci\u00f3n del suicidio, imparti\u00f3 un seminario dirigido a docentes del Colegio Abel Bravo.<\/strong><\/p>\n<p><strong>En el encuentro, se destac\u00f3 la importancia de reconocer conductas suicidas en los estudiantes como tambi\u00e9n ofrecer la ayuda correspondiente, incluyendo la intervenci\u00f3n de los padres y madres de familias.<\/strong><\/p>\n<p><strong>Los docentes aprovecharon para despejar sus dudas sobre este tema y aplicar los conocimientos para identificar en sus alumnos, cualquier situaci\u00f3n preocupante.<\/strong><\/p>\n<p><strong>El momento tambi\u00e9n fue oportuno para la presentaci\u00f3n del tema dengue, como problema de salud p\u00fablica que requiere la incorporaci\u00f3n de la poblaci\u00f3n en la lucha contra este vector.<\/strong><\/p>\n<p>Fuente: MINSA<\/p>\n<p>&nbsp;<\/p>\n","protected":false},"excerpt":{"rendered":"<p>Los Departamentos de Promoci\u00f3n y Educaci\u00f3n para la Salud y <a href=\"https:\/\/sertv.gob.pa\/crisolfm\/capacitan-a-docentes-del-colegio-abel-bravo-sobre-la-prevencion-del-suicidio\/\"> [&#8230;]<\/a><\/p>\n","protected":false},"author":9,"featured_media":64606,"comment_status":"closed","ping_status":"closed","sticky":false,"template":"","format":"standard","meta":{"footnotes":""},"categories":[14],"tags":[],"class_list":["post-64605","post","type-post","status-publish","format-standard","has-post-thumbnail","hentry","category-salud"],"_links":{"self":[{"href":"https:\/\/sertv.gob.pa\/crisolfm\/wp-json\/wp\/v2\/posts\/64605","targetHints":{"allow":["GET"]}}],"collection":[{"href":"https:\/\/sertv.gob.pa\/crisolfm\/wp-json\/wp\/v2\/posts"}],"about":[{"href":"https:\/\/sertv.gob.pa\/crisolfm\/wp-json\/wp\/v2\/types\/post"}],"author":[{"embeddable":true,"href":"https:\/\/sertv.gob.pa\/crisolfm\/wp-json\/wp\/v2\/users\/9"}],"replies":[{"embeddable":true,"href":"https:\/\/sertv.gob.pa\/crisolfm\/wp-json\/wp\/v2\/comments?post=64605"}],"version-history":[{"count":1,"href":"https:\/\/sertv.gob.pa\/crisolfm\/wp-json\/wp\/v2\/posts\/64605\/revisions"}],"predecessor-version":[{"id":64607,"href":"https:\/\/sertv.gob.pa\/crisolfm\/wp-json\/wp\/v2\/posts\/64605\/revisions\/64607"}],"wp:featuredmedia":[{"embeddable":true,"href":"https:\/\/sertv.gob.pa\/crisolfm\/wp-json\/wp\/v2\/media\/64606"}],"wp:attachment":[{"href":"https:\/\/sertv.gob.pa\/crisolfm\/wp-json\/wp\/v2\/media?parent=64605"}],"wp:term":[{"taxonomy":"category","embeddable":true,"href":"https:\/\/sertv.gob.pa\/crisolfm\/wp-json\/wp\/v2\/categories?post=64605"},{"taxonomy":"post_tag","embeddable":true,"href":"https:\/\/sertv.gob.pa\/crisolfm\/wp-json\/wp\/v2\/tags?post=64605"}],"curies":[{"name":"wp","href":"https:\/\/api.w.org\/{rel}","templated":true}]}}