{"id":64666,"date":"2024-09-16T17:31:27","date_gmt":"2024-09-16T17:31:27","guid":{"rendered":"https:\/\/sertv.gob.pa\/crisolfm\/?p=64666"},"modified":"2024-09-16T17:31:27","modified_gmt":"2024-09-16T17:31:27","slug":"trump-dice-que-su-determinacion-es-incluso-mas-fuerte-despues-de-otro-intento-de-asesinato","status":"publish","type":"post","link":"https:\/\/sertv.gob.pa\/crisolfm\/trump-dice-que-su-determinacion-es-incluso-mas-fuerte-despues-de-otro-intento-de-asesinato\/","title":{"rendered":"Trump dice que su determinaci\u00f3n es incluso \u201cm\u00e1s fuerte\u201d despu\u00e9s de otro intento de asesinato"},"content":{"rendered":"<p><em><strong>Miami (EFE).-<\/strong> <\/em>El exmandatario estadounidense y candidato republicano a las presidenciales, Donald Trump, dijo en un comunicado que su \u201cdeterminaci\u00f3n (por volver a la Casa Blanca) es incluso m\u00e1s fuerte despu\u00e9s de otro intento de asesinato\u201d.<\/p>\n<p>En el texto, adem\u00e1s, resalta que nunca se rendir\u00e1 y anim\u00f3 a sus seguidores a votar por \u00e9l en las elecciones presidenciales del 5 de noviembre.<\/p>\n<p>Este es el segundo mensaje que Trump manda tras lo ocurrido en su club de golf. En el primero indic\u00f3 que estaba \u201ca salvo y bien\u201d.<\/p>\n<p>&nbsp;<\/p>\n","protected":false},"excerpt":{"rendered":"<p>Miami (EFE).- El exmandatario estadounidense y candidato republicano a las <a href=\"https:\/\/sertv.gob.pa\/crisolfm\/trump-dice-que-su-determinacion-es-incluso-mas-fuerte-despues-de-otro-intento-de-asesinato\/\"> [&#8230;]<\/a><\/p>\n","protected":false},"author":9,"featured_media":0,"comment_status":"closed","ping_status":"closed","sticky":false,"template":"","format":"standard","meta":{"footnotes":""},"categories":[13],"tags":[],"class_list":["post-64666","post","type-post","status-publish","format-standard","hentry","category-internacionales"],"_links":{"self":[{"href":"https:\/\/sertv.gob.pa\/crisolfm\/wp-json\/wp\/v2\/posts\/64666","targetHints":{"allow":["GET"]}}],"collection":[{"href":"https:\/\/sertv.gob.pa\/crisolfm\/wp-json\/wp\/v2\/posts"}],"about":[{"href":"https:\/\/sertv.gob.pa\/crisolfm\/wp-json\/wp\/v2\/types\/post"}],"author":[{"embeddable":true,"href":"https:\/\/sertv.gob.pa\/crisolfm\/wp-json\/wp\/v2\/users\/9"}],"replies":[{"embeddable":true,"href":"https:\/\/sertv.gob.pa\/crisolfm\/wp-json\/wp\/v2\/comments?post=64666"}],"version-history":[{"count":1,"href":"https:\/\/sertv.gob.pa\/crisolfm\/wp-json\/wp\/v2\/posts\/64666\/revisions"}],"predecessor-version":[{"id":64668,"href":"https:\/\/sertv.gob.pa\/crisolfm\/wp-json\/wp\/v2\/posts\/64666\/revisions\/64668"}],"wp:attachment":[{"href":"https:\/\/sertv.gob.pa\/crisolfm\/wp-json\/wp\/v2\/media?parent=64666"}],"wp:term":[{"taxonomy":"category","embeddable":true,"href":"https:\/\/sertv.gob.pa\/crisolfm\/wp-json\/wp\/v2\/categories?post=64666"},{"taxonomy":"post_tag","embeddable":true,"href":"https:\/\/sertv.gob.pa\/crisolfm\/wp-json\/wp\/v2\/tags?post=64666"}],"curies":[{"name":"wp","href":"https:\/\/api.w.org\/{rel}","templated":true}]}}