{"id":64683,"date":"2024-09-17T13:18:31","date_gmt":"2024-09-17T13:18:31","guid":{"rendered":"https:\/\/sertv.gob.pa\/crisolfm\/?p=64683"},"modified":"2024-09-17T13:18:31","modified_gmt":"2024-09-17T13:18:31","slug":"attt-participa-en-reunion-interinstitucional-y-recibe-a-comitiva-de-transportistas-de-carga","status":"publish","type":"post","link":"https:\/\/sertv.gob.pa\/crisolfm\/attt-participa-en-reunion-interinstitucional-y-recibe-a-comitiva-de-transportistas-de-carga\/","title":{"rendered":"ATTT participa en reuni\u00f3n interinstitucional y recibe a comitiva de transportistas de carga"},"content":{"rendered":"<p><strong>Directivos de la Autoridad de Tr\u00e1nsito y Transporte Terrestre de Panam\u00e1, representantes de la Autoridad Nacional de Aduanas y de la Autoridad Mar\u00edtima de Panam\u00e1 participaron en fecha reciente, de una reuni\u00f3n interinstitucional a fin de analizar el tema del transporte de carga de los puertos.<\/strong><\/p>\n<p><strong>En ese sentido y atendiendo la importancia de dialogar sobre el tema con los transportistas de carga, el director general de la Autoridad de Tr\u00e1nsito y Transporte Terrestre (ATTT), Jorge Luis \u00c1brego, y el subdirector de la instituci\u00f3n, Sim\u00f3n Henr\u00edquez, tambi\u00e9n recibieron a una comitiva de este sector del transporte.<\/strong><\/p>\n<p><strong>En esta reuni\u00f3n, participaron delegados de los transportistas de carga de Chiriqu\u00ed, Col\u00f3n y Panam\u00e1 a quienes el director general de la ATTT, enfatiz\u00f3 la trascendencia del encuentro en la toma de decisiones.<\/strong><\/p>\n<p><strong>La Autoridad Nacional de Aduanas y de la Autoridad Mar\u00edtima de Panam\u00e1, present\u00f3 a la ATTT, sus propuestas para trabajar conjuntamente. Mientras que, los transportistas de carga, hicieron lo propio durante el encuentro celebrado en la sala de reuniones de la ATTT. Expusieron sus ideas, inquietudes y posibles soluciones ante las autoridades institucionales.<\/strong><\/p>\n<p>&nbsp;<\/p>\n<p>Fuente: ATTT<\/p>\n","protected":false},"excerpt":{"rendered":"<p>Directivos de la Autoridad de Tr\u00e1nsito y Transporte Terrestre de <a href=\"https:\/\/sertv.gob.pa\/crisolfm\/attt-participa-en-reunion-interinstitucional-y-recibe-a-comitiva-de-transportistas-de-carga\/\"> [&#8230;]<\/a><\/p>\n","protected":false},"author":9,"featured_media":64684,"comment_status":"closed","ping_status":"closed","sticky":false,"template":"","format":"standard","meta":{"footnotes":""},"categories":[12],"tags":[],"class_list":["post-64683","post","type-post","status-publish","format-standard","has-post-thumbnail","hentry","category-nacionales"],"_links":{"self":[{"href":"https:\/\/sertv.gob.pa\/crisolfm\/wp-json\/wp\/v2\/posts\/64683","targetHints":{"allow":["GET"]}}],"collection":[{"href":"https:\/\/sertv.gob.pa\/crisolfm\/wp-json\/wp\/v2\/posts"}],"about":[{"href":"https:\/\/sertv.gob.pa\/crisolfm\/wp-json\/wp\/v2\/types\/post"}],"author":[{"embeddable":true,"href":"https:\/\/sertv.gob.pa\/crisolfm\/wp-json\/wp\/v2\/users\/9"}],"replies":[{"embeddable":true,"href":"https:\/\/sertv.gob.pa\/crisolfm\/wp-json\/wp\/v2\/comments?post=64683"}],"version-history":[{"count":1,"href":"https:\/\/sertv.gob.pa\/crisolfm\/wp-json\/wp\/v2\/posts\/64683\/revisions"}],"predecessor-version":[{"id":64685,"href":"https:\/\/sertv.gob.pa\/crisolfm\/wp-json\/wp\/v2\/posts\/64683\/revisions\/64685"}],"wp:featuredmedia":[{"embeddable":true,"href":"https:\/\/sertv.gob.pa\/crisolfm\/wp-json\/wp\/v2\/media\/64684"}],"wp:attachment":[{"href":"https:\/\/sertv.gob.pa\/crisolfm\/wp-json\/wp\/v2\/media?parent=64683"}],"wp:term":[{"taxonomy":"category","embeddable":true,"href":"https:\/\/sertv.gob.pa\/crisolfm\/wp-json\/wp\/v2\/categories?post=64683"},{"taxonomy":"post_tag","embeddable":true,"href":"https:\/\/sertv.gob.pa\/crisolfm\/wp-json\/wp\/v2\/tags?post=64683"}],"curies":[{"name":"wp","href":"https:\/\/api.w.org\/{rel}","templated":true}]}}