{"id":64707,"date":"2024-09-17T17:36:29","date_gmt":"2024-09-17T17:36:29","guid":{"rendered":"https:\/\/sertv.gob.pa\/crisolfm\/?p=64707"},"modified":"2024-09-17T17:36:29","modified_gmt":"2024-09-17T17:36:29","slug":"inicia-semana-de-capacitaciones-con-motivo-del-segundo-receso-academico-2024","status":"publish","type":"post","link":"https:\/\/sertv.gob.pa\/crisolfm\/inicia-semana-de-capacitaciones-con-motivo-del-segundo-receso-academico-2024\/","title":{"rendered":"Inicia semana de capacitaciones con motivo del segundo receso acad\u00e9mico 2024"},"content":{"rendered":"<p><strong>A partir de este, lunes 16 y hasta el viernes 20 de septiembre, se realizan diferentes capacitaciones con motivo del receso escolar del segundo trimestre del a\u00f1o lectivo, las cuales son organizadas por el Departamento de Capacitaci\u00f3n del Instituto Paname\u00f1o de Habilitaci\u00f3n Especial, (IPHE) dirigidas tanto a personal docente, t\u00e9cnico y padres de familia de estudiantes que reciben los apoyos educativos en las 21 escuelas, programas y extensiones en todo el pa\u00eds, adem\u00e1s del p\u00fablico en general.<\/strong><\/p>\n<p><strong>La modalidad de las capacitaciones son en su mayor\u00eda virtual, a trav\u00e9s de la plataforma de Zoom y los temas son: \u201cSordo Ceguera\u201d, \u201cDesarrollo Sensorial y el Aprendizaje, una Mirada desde la Integraci\u00f3n Sensorial\u201d, Elaboraci\u00f3n de Proyectos a trav\u00e9s de la Rehabilitaci\u00f3n Basada en la Comunidad\u201d, \u201cSeminario Taller Did\u00e1ctica de Lectura y Escritura en Atenci\u00f3n a la Diversidad\u201d, \u00abEscenario del Bullying y Discriminaci\u00f3n en Estudiantes con Discapacidad\u00bb,<\/strong><\/p>\n<p><strong>Simult\u00e1neamente, se dicta de manera presencial la docencia: \u201cLa Tiflotecnolog\u00eda aplicada en el aula de clases\u201d, en la Extensi\u00f3n del IPHE en Chiriqu\u00ed.<\/strong><\/p>\n<p><strong>La entidad realiza estas jornadas de capacitaciones, en horario de 8:00am a 12:00 del mediod\u00eda, durante el segundo receso escolar, a fin de fortalecer los conocimientos de los docentes y padres de familia, mismos que nos permitan garantizar una educaci\u00f3n de calidad en igualdad de oportunidades.<\/strong><\/p>\n<p>&nbsp;<\/p>\n<p>Fuente: IPHE<\/p>\n","protected":false},"excerpt":{"rendered":"<p>A partir de este, lunes 16 y hasta el viernes <a href=\"https:\/\/sertv.gob.pa\/crisolfm\/inicia-semana-de-capacitaciones-con-motivo-del-segundo-receso-academico-2024\/\"> [&#8230;]<\/a><\/p>\n","protected":false},"author":9,"featured_media":64708,"comment_status":"closed","ping_status":"closed","sticky":false,"template":"","format":"standard","meta":{"footnotes":""},"categories":[14],"tags":[],"class_list":["post-64707","post","type-post","status-publish","format-standard","has-post-thumbnail","hentry","category-salud"],"_links":{"self":[{"href":"https:\/\/sertv.gob.pa\/crisolfm\/wp-json\/wp\/v2\/posts\/64707","targetHints":{"allow":["GET"]}}],"collection":[{"href":"https:\/\/sertv.gob.pa\/crisolfm\/wp-json\/wp\/v2\/posts"}],"about":[{"href":"https:\/\/sertv.gob.pa\/crisolfm\/wp-json\/wp\/v2\/types\/post"}],"author":[{"embeddable":true,"href":"https:\/\/sertv.gob.pa\/crisolfm\/wp-json\/wp\/v2\/users\/9"}],"replies":[{"embeddable":true,"href":"https:\/\/sertv.gob.pa\/crisolfm\/wp-json\/wp\/v2\/comments?post=64707"}],"version-history":[{"count":1,"href":"https:\/\/sertv.gob.pa\/crisolfm\/wp-json\/wp\/v2\/posts\/64707\/revisions"}],"predecessor-version":[{"id":64709,"href":"https:\/\/sertv.gob.pa\/crisolfm\/wp-json\/wp\/v2\/posts\/64707\/revisions\/64709"}],"wp:featuredmedia":[{"embeddable":true,"href":"https:\/\/sertv.gob.pa\/crisolfm\/wp-json\/wp\/v2\/media\/64708"}],"wp:attachment":[{"href":"https:\/\/sertv.gob.pa\/crisolfm\/wp-json\/wp\/v2\/media?parent=64707"}],"wp:term":[{"taxonomy":"category","embeddable":true,"href":"https:\/\/sertv.gob.pa\/crisolfm\/wp-json\/wp\/v2\/categories?post=64707"},{"taxonomy":"post_tag","embeddable":true,"href":"https:\/\/sertv.gob.pa\/crisolfm\/wp-json\/wp\/v2\/tags?post=64707"}],"curies":[{"name":"wp","href":"https:\/\/api.w.org\/{rel}","templated":true}]}}