{"id":64748,"date":"2024-09-18T15:45:40","date_gmt":"2024-09-18T15:45:40","guid":{"rendered":"https:\/\/sertv.gob.pa\/crisolfm\/?p=64748"},"modified":"2024-09-18T15:45:40","modified_gmt":"2024-09-18T15:45:40","slug":"minsa-mantiene-vigilancia-epidemiologica-en-las-comunidades-de-tuluntun-y-congal","status":"publish","type":"post","link":"https:\/\/sertv.gob.pa\/crisolfm\/minsa-mantiene-vigilancia-epidemiologica-en-las-comunidades-de-tuluntun-y-congal\/","title":{"rendered":"MINSA mantiene vigilancia Epidemiol\u00f3gica en las comunidades de Tuluntun y Congal"},"content":{"rendered":"<div class=\"fusion-fullwidth fullwidth-box fusion-builder-row-1 fusion-flex-container has-pattern-background has-mask-background nonhundred-percent-fullwidth non-hundred-percent-height-scrolling\" style=\"--awb-border-radius-top-left:0px;--awb-border-radius-top-right:0px;--awb-border-radius-bottom-right:0px;--awb-border-radius-bottom-left:0px;--awb-flex-wrap:wrap;\" ><div class=\"fusion-builder-row fusion-row fusion-flex-align-items-flex-start fusion-flex-content-wrap\" style=\"max-width:1144px;margin-left: calc(-4% \/ 2 );margin-right: calc(-4% \/ 2 );\"><div class=\"fusion-layout-column fusion_builder_column fusion-builder-column-0 fusion_builder_column_1_1 1_1 fusion-flex-column\" style=\"--awb-bg-size:cover;--awb-width-large:100%;--awb-margin-top-large:0px;--awb-spacing-right-large:1.92%;--awb-margin-bottom-large:20px;--awb-spacing-left-large:1.92%;--awb-width-medium:100%;--awb-order-medium:0;--awb-spacing-right-medium:1.92%;--awb-spacing-left-medium:1.92%;--awb-width-small:100%;--awb-order-small:0;--awb-spacing-right-small:1.92%;--awb-spacing-left-small:1.92%;\"><div class=\"fusion-column-wrapper fusion-column-has-shadow fusion-flex-justify-content-flex-start fusion-content-layout-column\"><div class=\"fusion-text fusion-text-1\"><p><strong>El Ministerio de Salud en la provincia de Veraguas, mantiene monitoreo y vigilancia Epidemiol\u00f3gica en las comunidades de Congal, Tuluntun y El Barrero, \u00e1reas de dif\u00edcil acceso del distrito de Son\u00e1, donde se han reportado personas y animales afectadas por mordedura de murci\u00e9lagos.<\/strong><\/p>\n<p><strong>Un equipo multidisciplinario del Ministerio de Salud, es formado por los departamentos de Saneamiento Ambiental, Control de Vectores, Promoci\u00f3n de la Salud, Dinacav y Epidemiologia, mantiene visitando las comunidades, brindando docencia y desarrollando giras de investigaci\u00f3n, atenci\u00f3n y vacunaci\u00f3n dirigida a humanos y animales (perros, caballos y vacas) como parte de las acciones preventivas.<\/strong><\/p>\n<p><strong>Se procedi\u00f3 al traslado de 2 pacientes femeninas menores de edad que se manten\u00edan con s\u00edntomas (fiebre, dolor de cabeza y adormecimiento de extremidades) ambas resultaron negativas a la Rabia y se encuentran en sus hogares.<\/strong><\/p>\n<p><strong>George Edwards, epidemi\u00f3logo verag\u00fcense, destac\u00f3 que, los equipos de salud se mantiene en la b\u00fasqueda de pacientes sintom\u00e1tico para realizar las pruebas de rigor y descartar casos de rabia en humanos, aplicando las dosis de vacunas a las personas afectadas.<\/strong><\/p>\n<p><strong>Igualmente indic\u00f3 que, se est\u00e1 trabajo de la mano con el Ministerio de Desarrollo Agropecuario (MIDA), para ubicar posibles casos y vigilar para que la comunidad cumpla con las medidas de biosegurodad en estos casos.<\/strong><\/p>\n<p>Fuente: MINSA<\/p>\n<\/div><div class=\"awb-gallery-wrapper awb-gallery-wrapper-1 button-span-no\" style=\"--more-btn-alignment:center;\"><div style=\"margin:-5px;--awb-bordersize:0px;\" class=\"fusion-gallery fusion-gallery-container fusion-grid-3 fusion-columns-total-2 fusion-gallery-layout-grid fusion-gallery-1\"><div style=\"padding:5px;\" class=\"fusion-grid-column fusion-gallery-column fusion-gallery-column-3 hover-type-none\"><div class=\"fusion-gallery-image\"><a href=\"https:\/\/sertv.gob.pa\/crisolfm\/wp-content\/uploads\/sites\/2\/2024\/09\/COMUNIDADES-MINSA-2.jpeg\" rel=\"noreferrer\" data-rel=\"iLightbox[gallery_image_1]\" class=\"fusion-lightbox\" target=\"_self\"><img decoding=\"async\" src=\"https:\/\/sertv.gob.pa\/crisolfm\/wp-content\/uploads\/sites\/2\/2024\/09\/COMUNIDADES-MINSA-2.jpeg\" width=\"600\" height=\"450\" alt=\"\" title=\"COMUNIDADES MINSA 2\" aria-label=\"COMUNIDADES MINSA 2\" class=\"img-responsive wp-image-64750\" srcset=\"https:\/\/sertv.gob.pa\/crisolfm\/wp-content\/uploads\/sites\/2\/2024\/09\/COMUNIDADES-MINSA-2-200x150.jpeg 200w, https:\/\/sertv.gob.pa\/crisolfm\/wp-content\/uploads\/sites\/2\/2024\/09\/COMUNIDADES-MINSA-2-400x300.jpeg 400w, https:\/\/sertv.gob.pa\/crisolfm\/wp-content\/uploads\/sites\/2\/2024\/09\/COMUNIDADES-MINSA-2.jpeg 600w\" sizes=\"(min-width: 2200px) 100vw, (min-width: 784px) 363px, (min-width: 712px) 545px, (min-width: 640px) 712px, \" \/><\/a><\/div><\/div><div style=\"padding:5px;\" class=\"fusion-grid-column fusion-gallery-column fusion-gallery-column-3 hover-type-none\"><div class=\"fusion-gallery-image\"><a href=\"https:\/\/sertv.gob.pa\/crisolfm\/wp-content\/uploads\/sites\/2\/2024\/09\/COMUNIDADES-MINSA3.jpeg\" rel=\"noreferrer\" data-rel=\"iLightbox[gallery_image_1]\" class=\"fusion-lightbox\" target=\"_self\"><img decoding=\"async\" src=\"https:\/\/sertv.gob.pa\/crisolfm\/wp-content\/uploads\/sites\/2\/2024\/09\/COMUNIDADES-MINSA3.jpeg\" width=\"600\" height=\"338\" alt=\"\" title=\"COMUNIDADES MINSA3\" aria-label=\"COMUNIDADES MINSA3\" class=\"img-responsive wp-image-64751\" srcset=\"https:\/\/sertv.gob.pa\/crisolfm\/wp-content\/uploads\/sites\/2\/2024\/09\/COMUNIDADES-MINSA3-200x113.jpeg 200w, https:\/\/sertv.gob.pa\/crisolfm\/wp-content\/uploads\/sites\/2\/2024\/09\/COMUNIDADES-MINSA3-400x225.jpeg 400w, https:\/\/sertv.gob.pa\/crisolfm\/wp-content\/uploads\/sites\/2\/2024\/09\/COMUNIDADES-MINSA3.jpeg 600w\" sizes=\"(min-width: 2200px) 100vw, (min-width: 784px) 363px, (min-width: 712px) 545px, (min-width: 640px) 712px, \" \/><\/a><\/div><\/div><\/div><\/div><\/div><\/div><\/div><\/div>\n","protected":false},"excerpt":{"rendered":"","protected":false},"author":9,"featured_media":64749,"comment_status":"closed","ping_status":"closed","sticky":false,"template":"","format":"standard","meta":{"footnotes":""},"categories":[14],"tags":[],"class_list":["post-64748","post","type-post","status-publish","format-standard","has-post-thumbnail","hentry","category-salud"],"_links":{"self":[{"href":"https:\/\/sertv.gob.pa\/crisolfm\/wp-json\/wp\/v2\/posts\/64748","targetHints":{"allow":["GET"]}}],"collection":[{"href":"https:\/\/sertv.gob.pa\/crisolfm\/wp-json\/wp\/v2\/posts"}],"about":[{"href":"https:\/\/sertv.gob.pa\/crisolfm\/wp-json\/wp\/v2\/types\/post"}],"author":[{"embeddable":true,"href":"https:\/\/sertv.gob.pa\/crisolfm\/wp-json\/wp\/v2\/users\/9"}],"replies":[{"embeddable":true,"href":"https:\/\/sertv.gob.pa\/crisolfm\/wp-json\/wp\/v2\/comments?post=64748"}],"version-history":[{"count":1,"href":"https:\/\/sertv.gob.pa\/crisolfm\/wp-json\/wp\/v2\/posts\/64748\/revisions"}],"predecessor-version":[{"id":64752,"href":"https:\/\/sertv.gob.pa\/crisolfm\/wp-json\/wp\/v2\/posts\/64748\/revisions\/64752"}],"wp:featuredmedia":[{"embeddable":true,"href":"https:\/\/sertv.gob.pa\/crisolfm\/wp-json\/wp\/v2\/media\/64749"}],"wp:attachment":[{"href":"https:\/\/sertv.gob.pa\/crisolfm\/wp-json\/wp\/v2\/media?parent=64748"}],"wp:term":[{"taxonomy":"category","embeddable":true,"href":"https:\/\/sertv.gob.pa\/crisolfm\/wp-json\/wp\/v2\/categories?post=64748"},{"taxonomy":"post_tag","embeddable":true,"href":"https:\/\/sertv.gob.pa\/crisolfm\/wp-json\/wp\/v2\/tags?post=64748"}],"curies":[{"name":"wp","href":"https:\/\/api.w.org\/{rel}","templated":true}]}}