{"id":64753,"date":"2024-09-18T16:19:53","date_gmt":"2024-09-18T16:19:53","guid":{"rendered":"https:\/\/sertv.gob.pa\/crisolfm\/?p=64753"},"modified":"2024-09-18T16:19:53","modified_gmt":"2024-09-18T16:19:53","slug":"docentes-en-chiriqui-participan-de-docencia-sobre-tiflotecnologia","status":"publish","type":"post","link":"https:\/\/sertv.gob.pa\/crisolfm\/docentes-en-chiriqui-participan-de-docencia-sobre-tiflotecnologia\/","title":{"rendered":"Docentes en Chiriqu\u00ed participan de docencia sobre Tiflotecnolog\u00eda"},"content":{"rendered":"<p><strong>Con la participaci\u00f3n de 16 docentes de Educaci\u00f3n Especial,\u00a0 de la Extensi\u00f3n de Chiriqu\u00ed, (del IPHE), se llev\u00f3 a cabo la docencia sobre \u201cLa Tiflotecnolog\u00eda Aplicada en el Aula de Clases\u201d, todo esto, enfocado en la elaboraci\u00f3n de contenidos accesibles digitales, como parte de las capacitaciones del receso escolar del Segundo Trimestre.<\/strong><\/p>\n<p><strong>La actividad, busca que, los educadores refuercen sus conocimientos en la utilizaci\u00f3n de los equipos y herramientas tecnol\u00f3gicas, poniendo en pr\u00e1ctica el uso de la tecnolog\u00eda existente, lo que conlleva a facilitar el acceso a la comunicaci\u00f3n y el mejor desarrollo del proceso de ense\u00f1anza aprendizaje.<\/strong><\/p>\n<p><strong>Esta docencia a cargo del licenciado, Jos\u00e9 Arcia, instructor y la licenciada, Eladia de Ferrer, coordinadora del Centro de Recursos Inform\u00e1ticos para Personas con Discapacidad Visual, incluye el uso de la inteligencia artificial y el manejo de la l\u00ednea braille digital, puentes importantes para el acceso a la informaci\u00f3n y la comunicaci\u00f3n.<\/strong><\/p>\n<p>Fuente: IPHE<\/p>\n","protected":false},"excerpt":{"rendered":"<p>Con la participaci\u00f3n de 16 docentes de Educaci\u00f3n Especial,\u00a0 de <a href=\"https:\/\/sertv.gob.pa\/crisolfm\/docentes-en-chiriqui-participan-de-docencia-sobre-tiflotecnologia\/\"> [&#8230;]<\/a><\/p>\n","protected":false},"author":9,"featured_media":64754,"comment_status":"closed","ping_status":"closed","sticky":false,"template":"","format":"standard","meta":{"footnotes":""},"categories":[14],"tags":[],"class_list":["post-64753","post","type-post","status-publish","format-standard","has-post-thumbnail","hentry","category-salud"],"_links":{"self":[{"href":"https:\/\/sertv.gob.pa\/crisolfm\/wp-json\/wp\/v2\/posts\/64753","targetHints":{"allow":["GET"]}}],"collection":[{"href":"https:\/\/sertv.gob.pa\/crisolfm\/wp-json\/wp\/v2\/posts"}],"about":[{"href":"https:\/\/sertv.gob.pa\/crisolfm\/wp-json\/wp\/v2\/types\/post"}],"author":[{"embeddable":true,"href":"https:\/\/sertv.gob.pa\/crisolfm\/wp-json\/wp\/v2\/users\/9"}],"replies":[{"embeddable":true,"href":"https:\/\/sertv.gob.pa\/crisolfm\/wp-json\/wp\/v2\/comments?post=64753"}],"version-history":[{"count":1,"href":"https:\/\/sertv.gob.pa\/crisolfm\/wp-json\/wp\/v2\/posts\/64753\/revisions"}],"predecessor-version":[{"id":64755,"href":"https:\/\/sertv.gob.pa\/crisolfm\/wp-json\/wp\/v2\/posts\/64753\/revisions\/64755"}],"wp:featuredmedia":[{"embeddable":true,"href":"https:\/\/sertv.gob.pa\/crisolfm\/wp-json\/wp\/v2\/media\/64754"}],"wp:attachment":[{"href":"https:\/\/sertv.gob.pa\/crisolfm\/wp-json\/wp\/v2\/media?parent=64753"}],"wp:term":[{"taxonomy":"category","embeddable":true,"href":"https:\/\/sertv.gob.pa\/crisolfm\/wp-json\/wp\/v2\/categories?post=64753"},{"taxonomy":"post_tag","embeddable":true,"href":"https:\/\/sertv.gob.pa\/crisolfm\/wp-json\/wp\/v2\/tags?post=64753"}],"curies":[{"name":"wp","href":"https:\/\/api.w.org\/{rel}","templated":true}]}}