{"id":64756,"date":"2024-09-18T17:14:19","date_gmt":"2024-09-18T17:14:19","guid":{"rendered":"https:\/\/sertv.gob.pa\/crisolfm\/?p=64756"},"modified":"2024-09-18T17:14:19","modified_gmt":"2024-09-18T17:14:19","slug":"cruz-roja-panamena-se-une-a-la-region-de-colon-en-su-lucha-contra-el-dengue","status":"publish","type":"post","link":"https:\/\/sertv.gob.pa\/crisolfm\/cruz-roja-panamena-se-une-a-la-region-de-colon-en-su-lucha-contra-el-dengue\/","title":{"rendered":"Cruz Roja Paname\u00f1a se une a la Regi\u00f3n de Col\u00f3n en su lucha contra el dengue"},"content":{"rendered":"<p><strong>Col\u00f3n,<\/strong><\/p>\n<p><strong>En su lucha contra el dengue que ha emprendido la Regi\u00f3n de Salud de Col\u00f3n, la Cruz Roja Paname\u00f1a, se ha unido a esta acci\u00f3n comunitaria de la eliminaci\u00f3n de los criaderos de mosquitos.<\/strong><\/p>\n<p><strong>La pr\u00f3xima semana, inicia una jornada intensiva de concienciaci\u00f3n, orientaci\u00f3n, nebulizaci\u00f3n en comunidades de Col\u00f3n, afectadas por casos de dengue, con el apoyo de otras regiones del pa\u00eds del Ministerio de Salud.<\/strong><\/p>\n<p><strong>Esta estrategia, es impulsada por la Dra. Nancy Torres, directora regional del MINSA\/Col\u00f3n junto al equipo de trabajo para lograr un cambio de actitud de las personas que contribuyan en la eliminaci\u00f3n de los criaderos en las casas y sus alrededores.<\/strong><\/p>\n<p><strong>La capacitaci\u00f3n estuvo a cargo de Promoci\u00f3n y educaci\u00f3n para la salud, Epidemiologia Regional, Control de Vectores,<\/strong><\/p>\n<p><strong>Personal de la Cruz Roja Paname\u00f1a, aprovech\u00f3 para conocer la situaci\u00f3n epidemiol\u00f3gica y despejar las dudas en torno al t\u00f3pico.<\/strong><\/p>\n<p>&nbsp;<\/p>\n<p><strong>Fuente: MINSA<\/strong><\/p>\n","protected":false},"excerpt":{"rendered":"<p>Col\u00f3n, En su lucha contra el dengue que ha emprendido <a href=\"https:\/\/sertv.gob.pa\/crisolfm\/cruz-roja-panamena-se-une-a-la-region-de-colon-en-su-lucha-contra-el-dengue\/\"> [&#8230;]<\/a><\/p>\n","protected":false},"author":9,"featured_media":64757,"comment_status":"closed","ping_status":"closed","sticky":false,"template":"","format":"standard","meta":{"footnotes":""},"categories":[14],"tags":[],"class_list":["post-64756","post","type-post","status-publish","format-standard","has-post-thumbnail","hentry","category-salud"],"_links":{"self":[{"href":"https:\/\/sertv.gob.pa\/crisolfm\/wp-json\/wp\/v2\/posts\/64756","targetHints":{"allow":["GET"]}}],"collection":[{"href":"https:\/\/sertv.gob.pa\/crisolfm\/wp-json\/wp\/v2\/posts"}],"about":[{"href":"https:\/\/sertv.gob.pa\/crisolfm\/wp-json\/wp\/v2\/types\/post"}],"author":[{"embeddable":true,"href":"https:\/\/sertv.gob.pa\/crisolfm\/wp-json\/wp\/v2\/users\/9"}],"replies":[{"embeddable":true,"href":"https:\/\/sertv.gob.pa\/crisolfm\/wp-json\/wp\/v2\/comments?post=64756"}],"version-history":[{"count":1,"href":"https:\/\/sertv.gob.pa\/crisolfm\/wp-json\/wp\/v2\/posts\/64756\/revisions"}],"predecessor-version":[{"id":64758,"href":"https:\/\/sertv.gob.pa\/crisolfm\/wp-json\/wp\/v2\/posts\/64756\/revisions\/64758"}],"wp:featuredmedia":[{"embeddable":true,"href":"https:\/\/sertv.gob.pa\/crisolfm\/wp-json\/wp\/v2\/media\/64757"}],"wp:attachment":[{"href":"https:\/\/sertv.gob.pa\/crisolfm\/wp-json\/wp\/v2\/media?parent=64756"}],"wp:term":[{"taxonomy":"category","embeddable":true,"href":"https:\/\/sertv.gob.pa\/crisolfm\/wp-json\/wp\/v2\/categories?post=64756"},{"taxonomy":"post_tag","embeddable":true,"href":"https:\/\/sertv.gob.pa\/crisolfm\/wp-json\/wp\/v2\/tags?post=64756"}],"curies":[{"name":"wp","href":"https:\/\/api.w.org\/{rel}","templated":true}]}}