{"id":64772,"date":"2024-09-18T19:01:50","date_gmt":"2024-09-18T19:01:50","guid":{"rendered":"https:\/\/sertv.gob.pa\/crisolfm\/?p=64772"},"modified":"2024-09-18T19:01:50","modified_gmt":"2024-09-18T19:01:50","slug":"alcaldia-de-panama-impulsa-huertos-escolares-y-comunitarios","status":"publish","type":"post","link":"https:\/\/sertv.gob.pa\/crisolfm\/alcaldia-de-panama-impulsa-huertos-escolares-y-comunitarios\/","title":{"rendered":"Alcald\u00eda de Panam\u00e1 impulsa huertos escolares y comunitarios"},"content":{"rendered":"<p><strong>La Alcald\u00eda de Panam\u00e1, lanz\u00f3 una nueva iniciativa destinada a transformar la manera en que las comunidades urbanas y escolares interact\u00faan con el medio ambiente y su alimentaci\u00f3n. En colaboraci\u00f3n con la Direcci\u00f3n de Gesti\u00f3n Ambiental y su divisi\u00f3n de Resiliencia y cambio clim\u00e1tico, se ha puesto en marcha el programa de huertos escolares y comunitarios.<\/strong><\/p>\n<p><strong>El proyecto, busca ense\u00f1ar a ni\u00f1os, ni\u00f1as y vecinos sobre la agricultura a peque\u00f1a escala, integrando el cultivo de frutas, verduras y hierbas en sus rutinas diarias. Adem\u00e1s de ofrecer conocimientos pr\u00e1cticos sobre la siembra de plantones, el programa tiene un fuerte enfoque en la promoci\u00f3n de h\u00e1bitos alimenticios saludables y sostenibles.<\/strong><\/p>\n<p><strong>Este esfuerzo tiene un impacto directo en la resiliencia alimentaria de la comunidad, ya que, fomenta una mayor autosuficiencia, reduce la dependencia de alimentos procesados y fortalece el sentido de cooperaci\u00f3n y convivencia comunitaria.<\/strong><\/p>\n<p>Fuente: MUPA \/ Alcald\u00eda de Panam\u00e1<\/p>\n","protected":false},"excerpt":{"rendered":"<p>La Alcald\u00eda de Panam\u00e1, lanz\u00f3 una nueva iniciativa destinada a <a href=\"https:\/\/sertv.gob.pa\/crisolfm\/alcaldia-de-panama-impulsa-huertos-escolares-y-comunitarios\/\"> [&#8230;]<\/a><\/p>\n","protected":false},"author":9,"featured_media":64773,"comment_status":"closed","ping_status":"closed","sticky":false,"template":"","format":"standard","meta":{"footnotes":""},"categories":[12],"tags":[],"class_list":["post-64772","post","type-post","status-publish","format-standard","has-post-thumbnail","hentry","category-nacionales"],"_links":{"self":[{"href":"https:\/\/sertv.gob.pa\/crisolfm\/wp-json\/wp\/v2\/posts\/64772","targetHints":{"allow":["GET"]}}],"collection":[{"href":"https:\/\/sertv.gob.pa\/crisolfm\/wp-json\/wp\/v2\/posts"}],"about":[{"href":"https:\/\/sertv.gob.pa\/crisolfm\/wp-json\/wp\/v2\/types\/post"}],"author":[{"embeddable":true,"href":"https:\/\/sertv.gob.pa\/crisolfm\/wp-json\/wp\/v2\/users\/9"}],"replies":[{"embeddable":true,"href":"https:\/\/sertv.gob.pa\/crisolfm\/wp-json\/wp\/v2\/comments?post=64772"}],"version-history":[{"count":1,"href":"https:\/\/sertv.gob.pa\/crisolfm\/wp-json\/wp\/v2\/posts\/64772\/revisions"}],"predecessor-version":[{"id":64774,"href":"https:\/\/sertv.gob.pa\/crisolfm\/wp-json\/wp\/v2\/posts\/64772\/revisions\/64774"}],"wp:featuredmedia":[{"embeddable":true,"href":"https:\/\/sertv.gob.pa\/crisolfm\/wp-json\/wp\/v2\/media\/64773"}],"wp:attachment":[{"href":"https:\/\/sertv.gob.pa\/crisolfm\/wp-json\/wp\/v2\/media?parent=64772"}],"wp:term":[{"taxonomy":"category","embeddable":true,"href":"https:\/\/sertv.gob.pa\/crisolfm\/wp-json\/wp\/v2\/categories?post=64772"},{"taxonomy":"post_tag","embeddable":true,"href":"https:\/\/sertv.gob.pa\/crisolfm\/wp-json\/wp\/v2\/tags?post=64772"}],"curies":[{"name":"wp","href":"https:\/\/api.w.org\/{rel}","templated":true}]}}