{"id":64860,"date":"2024-09-20T16:49:34","date_gmt":"2024-09-20T16:49:34","guid":{"rendered":"https:\/\/sertv.gob.pa\/crisolfm\/?p=64860"},"modified":"2024-09-20T16:49:34","modified_gmt":"2024-09-20T16:49:34","slug":"redoblan-estrategias-para-combatir-el-dengue-en-colon","status":"publish","type":"post","link":"https:\/\/sertv.gob.pa\/crisolfm\/redoblan-estrategias-para-combatir-el-dengue-en-colon\/","title":{"rendered":"Redoblan estrategias para combatir el dengue en Col\u00f3n"},"content":{"rendered":"<div class=\"fusion-fullwidth fullwidth-box fusion-builder-row-1 fusion-flex-container has-pattern-background has-mask-background nonhundred-percent-fullwidth non-hundred-percent-height-scrolling\" style=\"--awb-border-radius-top-left:0px;--awb-border-radius-top-right:0px;--awb-border-radius-bottom-right:0px;--awb-border-radius-bottom-left:0px;--awb-flex-wrap:wrap;\" ><div class=\"fusion-builder-row fusion-row fusion-flex-align-items-flex-start fusion-flex-content-wrap\" style=\"max-width:1144px;margin-left: calc(-4% \/ 2 );margin-right: calc(-4% \/ 2 );\"><div class=\"fusion-layout-column fusion_builder_column fusion-builder-column-0 fusion_builder_column_1_1 1_1 fusion-flex-column\" style=\"--awb-bg-size:cover;--awb-width-large:100%;--awb-margin-top-large:0px;--awb-spacing-right-large:1.92%;--awb-margin-bottom-large:20px;--awb-spacing-left-large:1.92%;--awb-width-medium:100%;--awb-order-medium:0;--awb-spacing-right-medium:1.92%;--awb-spacing-left-medium:1.92%;--awb-width-small:100%;--awb-order-small:0;--awb-spacing-right-small:1.92%;--awb-spacing-left-small:1.92%;\"><div class=\"fusion-column-wrapper fusion-column-has-shadow fusion-flex-justify-content-flex-start fusion-content-layout-column\"><div class=\"fusion-text fusion-text-1\"><p><strong>Acciones por dos semanas consecutivas contra el dengue en varias comunidades de Col\u00f3n, fue lo que se decidi\u00f3 en la reuni\u00f3n de sala de situaci\u00f3n todos los d\u00edas, en la Regi\u00f3n de Salud de Col\u00f3n.<\/strong><\/p>\n<p><strong>Estas reuniones que re\u00fane a todos los actores relacionados con atender el tema del dengue, son presididas por la Dra. Nancy Torres, jefe regional del MINSA\/Col\u00f3n, que gira instrucciones y coordina las acciones comunitarias para atender el tema del dengue.<\/strong><\/p>\n<p><strong>Por dos semanas, a partir del lunes 23 de septiembre, equipos de diferentes partes del pa\u00eds estar\u00e1n en varias comunidades de Col\u00f3n, apoyando al equipo regional de Control de Vectores, en labores de orientaci\u00f3n, supervisi\u00f3n en las casas y sus alrededores, adem\u00e1s de la fumigaci\u00f3n masiva.<\/strong><\/p>\n<p><strong>En esta acci\u00f3n, que iniciar\u00e1 en varios puntos del corregimiento de Cativ\u00e1 y la Medalla Milagrosa, se tendr\u00e1 la participaci\u00f3n de Promoci\u00f3n y educaci\u00f3n para la salud, Saneamiento Ambiental, la Cruz Roja Paname\u00f1a, estudiantes de UDELAS, y otros departamentos de la Regi\u00f3n de Salud de Col\u00f3n.<\/strong><\/p>\n<p><strong>Fuente: MINSA<\/strong><\/p>\n<\/div><div class=\"awb-gallery-wrapper awb-gallery-wrapper-1 button-span-no\" style=\"--more-btn-alignment:center;\"><div style=\"margin:-5px;--awb-bordersize:0px;\" class=\"fusion-gallery fusion-gallery-container fusion-grid-3 fusion-columns-total-1 fusion-gallery-layout-grid fusion-gallery-1\"><div style=\"padding:5px;\" class=\"fusion-grid-column fusion-gallery-column fusion-gallery-column-3 hover-type-none\"><div class=\"fusion-gallery-image\"><a href=\"https:\/\/sertv.gob.pa\/crisolfm\/wp-content\/uploads\/sites\/2\/2024\/09\/estrategias-salud-colon-3.jpeg\" rel=\"noreferrer\" data-rel=\"iLightbox[gallery_image_1]\" class=\"fusion-lightbox\" target=\"_self\"><img decoding=\"async\" src=\"https:\/\/sertv.gob.pa\/crisolfm\/wp-content\/uploads\/sites\/2\/2024\/09\/estrategias-salud-colon-3.jpeg\" width=\"600\" height=\"450\" alt=\"\" title=\"estrategias salud col\u00f3n 3\" aria-label=\"estrategias salud col\u00f3n 3\" class=\"img-responsive wp-image-64862\" srcset=\"https:\/\/sertv.gob.pa\/crisolfm\/wp-content\/uploads\/sites\/2\/2024\/09\/estrategias-salud-colon-3-200x150.jpeg 200w, https:\/\/sertv.gob.pa\/crisolfm\/wp-content\/uploads\/sites\/2\/2024\/09\/estrategias-salud-colon-3-400x300.jpeg 400w, https:\/\/sertv.gob.pa\/crisolfm\/wp-content\/uploads\/sites\/2\/2024\/09\/estrategias-salud-colon-3.jpeg 600w\" sizes=\"(min-width: 2200px) 100vw, (min-width: 784px) 363px, (min-width: 712px) 545px, (min-width: 640px) 712px, \" \/><\/a><\/div><\/div><\/div><\/div><\/div><\/div><\/div><\/div>\n","protected":false},"excerpt":{"rendered":"","protected":false},"author":9,"featured_media":64861,"comment_status":"closed","ping_status":"closed","sticky":false,"template":"","format":"standard","meta":{"footnotes":""},"categories":[14],"tags":[],"class_list":["post-64860","post","type-post","status-publish","format-standard","has-post-thumbnail","hentry","category-salud"],"_links":{"self":[{"href":"https:\/\/sertv.gob.pa\/crisolfm\/wp-json\/wp\/v2\/posts\/64860","targetHints":{"allow":["GET"]}}],"collection":[{"href":"https:\/\/sertv.gob.pa\/crisolfm\/wp-json\/wp\/v2\/posts"}],"about":[{"href":"https:\/\/sertv.gob.pa\/crisolfm\/wp-json\/wp\/v2\/types\/post"}],"author":[{"embeddable":true,"href":"https:\/\/sertv.gob.pa\/crisolfm\/wp-json\/wp\/v2\/users\/9"}],"replies":[{"embeddable":true,"href":"https:\/\/sertv.gob.pa\/crisolfm\/wp-json\/wp\/v2\/comments?post=64860"}],"version-history":[{"count":1,"href":"https:\/\/sertv.gob.pa\/crisolfm\/wp-json\/wp\/v2\/posts\/64860\/revisions"}],"predecessor-version":[{"id":64863,"href":"https:\/\/sertv.gob.pa\/crisolfm\/wp-json\/wp\/v2\/posts\/64860\/revisions\/64863"}],"wp:featuredmedia":[{"embeddable":true,"href":"https:\/\/sertv.gob.pa\/crisolfm\/wp-json\/wp\/v2\/media\/64861"}],"wp:attachment":[{"href":"https:\/\/sertv.gob.pa\/crisolfm\/wp-json\/wp\/v2\/media?parent=64860"}],"wp:term":[{"taxonomy":"category","embeddable":true,"href":"https:\/\/sertv.gob.pa\/crisolfm\/wp-json\/wp\/v2\/categories?post=64860"},{"taxonomy":"post_tag","embeddable":true,"href":"https:\/\/sertv.gob.pa\/crisolfm\/wp-json\/wp\/v2\/tags?post=64860"}],"curies":[{"name":"wp","href":"https:\/\/api.w.org\/{rel}","templated":true}]}}