{"id":6492,"date":"2016-10-19T18:51:38","date_gmt":"2016-10-19T18:51:38","guid":{"rendered":""},"modified":"2016-10-19T18:51:38","modified_gmt":"2016-10-19T18:51:38","slug":"volcan-de-fuego-de-guatemala-registra-8-explosiones","status":"publish","type":"post","link":"https:\/\/sertv.gob.pa\/crisolfm\/volcan-de-fuego-de-guatemala-registra-8-explosiones\/","title":{"rendered":"Volc\u00e1n de Fuego de Guatemala registra 8 explosiones"},"content":{"rendered":"<p>\nEl volc\u00e1n de Fuego, localizado a unos 50 kil\u00f3metros al oeste de la capital de Guatemala, registr\u00f3 en las \u00faltimas horas 8 explosiones, 5 d\u00e9biles y 3 moderadas, inform\u00f3 \u00a0la Coordinadora Nacional para la Reducci\u00f3n de Desastres (Conred). <\/p>\n<p>\u00c9stas han generado una columna de ceniza gris a una altura de 4.700 metros sobre el nivel del mar. <\/p>\n<p>El coloso, de 3.763 metros de altura y situado entre los departamentos de Escuintla, Chimaltenango y Sacatep\u00e9quez, ha registrado 13 erupciones este a\u00f1o. Junto al Pacaya (Escuintla) y el Santiaguito (Quetzaltenango), el volc\u00e1n de Fuego es uno los volcanes m\u00e1s activos de los 32 que tiene el pa\u00eds centroamericano. <\/p>\n<p>\u00a0 <\/p>\n","protected":false},"excerpt":{"rendered":"<p>El volc\u00e1n de Fuego, localizado a unos 50 kil\u00f3metros al <a href=\"https:\/\/sertv.gob.pa\/crisolfm\/volcan-de-fuego-de-guatemala-registra-8-explosiones\/\"> [&#8230;]<\/a><\/p>\n","protected":false},"author":1,"featured_media":6493,"comment_status":"closed","ping_status":"closed","sticky":false,"template":"","format":"standard","meta":{"footnotes":""},"categories":[7],"tags":[],"class_list":["post-6492","post","type-post","status-publish","format-standard","has-post-thumbnail","hentry","category-ecologicas"],"_links":{"self":[{"href":"https:\/\/sertv.gob.pa\/crisolfm\/wp-json\/wp\/v2\/posts\/6492","targetHints":{"allow":["GET"]}}],"collection":[{"href":"https:\/\/sertv.gob.pa\/crisolfm\/wp-json\/wp\/v2\/posts"}],"about":[{"href":"https:\/\/sertv.gob.pa\/crisolfm\/wp-json\/wp\/v2\/types\/post"}],"author":[{"embeddable":true,"href":"https:\/\/sertv.gob.pa\/crisolfm\/wp-json\/wp\/v2\/users\/1"}],"replies":[{"embeddable":true,"href":"https:\/\/sertv.gob.pa\/crisolfm\/wp-json\/wp\/v2\/comments?post=6492"}],"version-history":[{"count":0,"href":"https:\/\/sertv.gob.pa\/crisolfm\/wp-json\/wp\/v2\/posts\/6492\/revisions"}],"wp:featuredmedia":[{"embeddable":true,"href":"https:\/\/sertv.gob.pa\/crisolfm\/wp-json\/wp\/v2\/media\/6493"}],"wp:attachment":[{"href":"https:\/\/sertv.gob.pa\/crisolfm\/wp-json\/wp\/v2\/media?parent=6492"}],"wp:term":[{"taxonomy":"category","embeddable":true,"href":"https:\/\/sertv.gob.pa\/crisolfm\/wp-json\/wp\/v2\/categories?post=6492"},{"taxonomy":"post_tag","embeddable":true,"href":"https:\/\/sertv.gob.pa\/crisolfm\/wp-json\/wp\/v2\/tags?post=6492"}],"curies":[{"name":"wp","href":"https:\/\/api.w.org\/{rel}","templated":true}]}}