{"id":64934,"date":"2024-09-23T19:39:44","date_gmt":"2024-09-23T19:39:44","guid":{"rendered":"https:\/\/sertv.gob.pa\/crisolfm\/?p=64934"},"modified":"2024-09-23T19:39:44","modified_gmt":"2024-09-23T19:39:44","slug":"fortalecen-entornos-saludables-durante-la-semana-del-bienestar","status":"publish","type":"post","link":"https:\/\/sertv.gob.pa\/crisolfm\/fortalecen-entornos-saludables-durante-la-semana-del-bienestar\/","title":{"rendered":"Fortalecen entornos saludables durante la Semana del Bienestar"},"content":{"rendered":"<p><strong>Con el objetivo de promover estilos de vida saludables, dio inicio a la \u00abFiesta de la Semana del Bienestar en la regi\u00f3n SICA\u00bb, instaurada por el Consejo de ministros de Salud de Centroam\u00e9rica y Rep\u00fablica Dominicana (COMISCA), del cual Panam\u00e1 forma parte.<\/strong><\/p>\n<p><strong>Durante esta semana, se llevar\u00e1n a cabo diversas actividades con la participaci\u00f3n de varias direcciones del Ministerio de Salud, pensadas en el beneficio de los servidores p\u00fablicos.<\/strong><\/p>\n<p><strong>En la semana del 23 al 27 de septiembre los ministerios de salud de Centroam\u00e9rica y Rep\u00fablica Dominicana realizan actividades centradas en temas como alimentaci\u00f3n saludable, controles de salud para una vida sana, actividad f\u00edsica, seguridad y salud laboral, entre otros.<\/strong><\/p>\n<p><strong>La Estrategia y Plan de acci\u00f3n sobre la Promoci\u00f3n de la Salud en el contexto de los Objetivos de Desarrollo Sostenible 2019-2030, en una de sus l\u00edneas estrat\u00e9gicas de acci\u00f3n destaca el fortalecimiento de los entornos saludables clave e incluye a los lugares de trabajo como uno de ellos. <\/strong><\/p>\n<p><strong>Fuente: MINSA<\/strong><\/p>\n","protected":false},"excerpt":{"rendered":"<p>Con el objetivo de promover estilos de vida saludables, dio <a href=\"https:\/\/sertv.gob.pa\/crisolfm\/fortalecen-entornos-saludables-durante-la-semana-del-bienestar\/\"> [&#8230;]<\/a><\/p>\n","protected":false},"author":9,"featured_media":64935,"comment_status":"closed","ping_status":"closed","sticky":false,"template":"","format":"standard","meta":{"footnotes":""},"categories":[12],"tags":[],"class_list":["post-64934","post","type-post","status-publish","format-standard","has-post-thumbnail","hentry","category-nacionales"],"_links":{"self":[{"href":"https:\/\/sertv.gob.pa\/crisolfm\/wp-json\/wp\/v2\/posts\/64934","targetHints":{"allow":["GET"]}}],"collection":[{"href":"https:\/\/sertv.gob.pa\/crisolfm\/wp-json\/wp\/v2\/posts"}],"about":[{"href":"https:\/\/sertv.gob.pa\/crisolfm\/wp-json\/wp\/v2\/types\/post"}],"author":[{"embeddable":true,"href":"https:\/\/sertv.gob.pa\/crisolfm\/wp-json\/wp\/v2\/users\/9"}],"replies":[{"embeddable":true,"href":"https:\/\/sertv.gob.pa\/crisolfm\/wp-json\/wp\/v2\/comments?post=64934"}],"version-history":[{"count":1,"href":"https:\/\/sertv.gob.pa\/crisolfm\/wp-json\/wp\/v2\/posts\/64934\/revisions"}],"predecessor-version":[{"id":64936,"href":"https:\/\/sertv.gob.pa\/crisolfm\/wp-json\/wp\/v2\/posts\/64934\/revisions\/64936"}],"wp:featuredmedia":[{"embeddable":true,"href":"https:\/\/sertv.gob.pa\/crisolfm\/wp-json\/wp\/v2\/media\/64935"}],"wp:attachment":[{"href":"https:\/\/sertv.gob.pa\/crisolfm\/wp-json\/wp\/v2\/media?parent=64934"}],"wp:term":[{"taxonomy":"category","embeddable":true,"href":"https:\/\/sertv.gob.pa\/crisolfm\/wp-json\/wp\/v2\/categories?post=64934"},{"taxonomy":"post_tag","embeddable":true,"href":"https:\/\/sertv.gob.pa\/crisolfm\/wp-json\/wp\/v2\/tags?post=64934"}],"curies":[{"name":"wp","href":"https:\/\/api.w.org\/{rel}","templated":true}]}}