{"id":6496,"date":"2016-10-19T19:24:57","date_gmt":"2016-10-19T19:24:57","guid":{"rendered":""},"modified":"2016-10-19T19:24:57","modified_gmt":"2016-10-19T19:24:57","slug":"manglares-de-panama-viejo-y-juan-diaz-se-recuperan-de-plaga","status":"publish","type":"post","link":"https:\/\/sertv.gob.pa\/crisolfm\/manglares-de-panama-viejo-y-juan-diaz-se-recuperan-de-plaga\/","title":{"rendered":"Manglares de Panam\u00e1 Viejo y Juan D\u00edaz se recuperan de plaga"},"content":{"rendered":"<p>\nLos manglares de Panam\u00e1 Viejo y Juan D\u00edaz no solo est\u00e1n siendo afectados por los grandes proyectos de construcci\u00f3n, tambi\u00e9n por \u00a0la contaminaci\u00f3n por basura y aguas negras. <\/p>\n<p>Desde mediados de este a\u00f1o, quienes transitan por el tramo mar\u00edtimo de la bah\u00eda de Panam\u00e1 han podido observar su reci\u00e9n adquirida marchitez. <\/p>\n<p>Una investigaci\u00f3n preliminar ha detectado la presencia de un insecto depredador, la oruga Junonia evarete, \u00a0que devora especialmente las hojas de los \u00e1rboles de mangle negro de Panam\u00e1 Viejo y de la desmbocadura del r\u00edo de Juan D\u00edaz. <\/p>\n<p>La oruga &lsquo;se ha identificado particularmente en \u00e1rboles de mangle negro adultos de alturas superiores a los 15 metros, pero, la afectaci\u00f3n est\u00e1 disminuyendo y el manglar se est\u00e1 recuperando de manera natural&#8217;, explic\u00f3 Ricardo De Ycaza, director de Costas y Mares del Ministerio de Ambiente (MiAmbiente). <\/p>\n<p>Alonso Santos, investigador del Museo de Invertebrados de la Universidad de Panam\u00e1, explic\u00f3 que la presencia de la oruga es m\u00e1s frecuente en los mangles negros de la especie Avicennia germinans que en los de la especie Avicennia bicolor, \u00a0probablemente por la altura que desarrollan los primeros, lo que resultar\u00eda un ambiente m\u00e1s favorable para las orugas. <\/p>\n<p>La plaga que en pocos meses ha deslucido los preciados manglares de la bah\u00eda de Panam\u00e1, de importancia internacional y sitio Ramsar, es una oruga de una especie de mariposa o polilla llamada ojo de venado (Junonia evarete ). <\/p>\n<p>Esta oruga habita desde Florida en los Estados Unidos hasta Centro y Sur Am\u00e9rica en el tr\u00f3pico, excepto en la Ant\u00e1rtica. <\/p>\n<p>Aunque a\u00fan no se ha confirmado con exactitud las razones que han impulsado su proliferaci\u00f3n en la zona, los investigadores han visto una relaci\u00f3n con los cambios atmosf\u00e9ricos como el fen\u00f3meno del ni\u00f1o, huracanes y el incremento en temperatura, que han influido en su migraci\u00f3n. <\/p>\n<p>&lsquo;Son teor\u00edas que solo se pueden comprobar con una investigaci\u00f3n minuciosa y de largo plazo&#8217;, afirm\u00f3 De Ycaza. <\/p>\n<p>No obstante, hay estudios internacionales, como el de la Universidad del Atl\u00e1ntico, que se\u00f1alan que la presencia de esa oruga est\u00e1 muy ligada a las plantas introducidas como ornamentales. <\/p>\n<p>\u00a0 <\/p>\n","protected":false},"excerpt":{"rendered":"<p>Los manglares de Panam\u00e1 Viejo y Juan D\u00edaz no solo <a href=\"https:\/\/sertv.gob.pa\/crisolfm\/manglares-de-panama-viejo-y-juan-diaz-se-recuperan-de-plaga\/\"> [&#8230;]<\/a><\/p>\n","protected":false},"author":1,"featured_media":6497,"comment_status":"closed","ping_status":"closed","sticky":false,"template":"","format":"standard","meta":{"footnotes":""},"categories":[7],"tags":[],"class_list":["post-6496","post","type-post","status-publish","format-standard","has-post-thumbnail","hentry","category-ecologicas"],"_links":{"self":[{"href":"https:\/\/sertv.gob.pa\/crisolfm\/wp-json\/wp\/v2\/posts\/6496","targetHints":{"allow":["GET"]}}],"collection":[{"href":"https:\/\/sertv.gob.pa\/crisolfm\/wp-json\/wp\/v2\/posts"}],"about":[{"href":"https:\/\/sertv.gob.pa\/crisolfm\/wp-json\/wp\/v2\/types\/post"}],"author":[{"embeddable":true,"href":"https:\/\/sertv.gob.pa\/crisolfm\/wp-json\/wp\/v2\/users\/1"}],"replies":[{"embeddable":true,"href":"https:\/\/sertv.gob.pa\/crisolfm\/wp-json\/wp\/v2\/comments?post=6496"}],"version-history":[{"count":0,"href":"https:\/\/sertv.gob.pa\/crisolfm\/wp-json\/wp\/v2\/posts\/6496\/revisions"}],"wp:featuredmedia":[{"embeddable":true,"href":"https:\/\/sertv.gob.pa\/crisolfm\/wp-json\/wp\/v2\/media\/6497"}],"wp:attachment":[{"href":"https:\/\/sertv.gob.pa\/crisolfm\/wp-json\/wp\/v2\/media?parent=6496"}],"wp:term":[{"taxonomy":"category","embeddable":true,"href":"https:\/\/sertv.gob.pa\/crisolfm\/wp-json\/wp\/v2\/categories?post=6496"},{"taxonomy":"post_tag","embeddable":true,"href":"https:\/\/sertv.gob.pa\/crisolfm\/wp-json\/wp\/v2\/tags?post=6496"}],"curies":[{"name":"wp","href":"https:\/\/api.w.org\/{rel}","templated":true}]}}