{"id":6498,"date":"2016-10-20T14:50:50","date_gmt":"2016-10-20T14:50:50","guid":{"rendered":""},"modified":"2016-10-20T14:50:50","modified_gmt":"2016-10-20T14:50:50","slug":"los-rios-tonosi-y-la-villa-siguen-desbordados","status":"publish","type":"post","link":"https:\/\/sertv.gob.pa\/crisolfm\/los-rios-tonosi-y-la-villa-siguen-desbordados\/","title":{"rendered":"Los r\u00edos Tonos\u00ed y La Villa siguen desbordados"},"content":{"rendered":"<p>\n El director general del Sistema Nacional de Protecci\u00f3n Civil (Sinaproc), Jos\u00e9 Donde ris, dio a conocer\u00a0la ma\u00f1ana de este jueves 20 de octubre que todav\u00eda se mantiene desbordado el r\u00edo La Villa, entre las provincias de Herrera y Los Santos. <\/p>\n<p>Donderis explic\u00f3 que aunque ya empez\u00f3 a bajar el nivel del r\u00edo, a\u00fan se mantiene desbordado en algunas zonas y ha afectado a 117 casas y un total de 614 personas en Herrera y Los Santos. <\/p>\n<p>El funcionario precis\u00f3 que el nivel alto del caudal se mantuvo por la actual marea alta y las lluvias intermitentes que cayeron en la madrugada en la zona. <\/p>\n<p>El director general del Sinaproc record\u00f3 que las casas afectadas por el r\u00edo La Villa fueron construidas en zonas no adecuadas, por eso solicit\u00f3 a las autoridades locales que hagan respetar las normas de urbanismo. <\/p>\n<p>Donderis enfatiz\u00f3 que no hay ni muertos ni heridos debido a esta emergencia nacional. <\/p>\n<p>El funcionario dijo que para esta tarde los r\u00edos La Villa y Tonos\u00ed regresar\u00e1n a su caudal. \u00abVan a continuar las lluvias&#8230; esperamos el apoyo de la comunidad\u00bb. <\/p>\n<p>\u00a0 <\/p>\n","protected":false},"excerpt":{"rendered":"<p>El director general del Sistema Nacional de Protecci\u00f3n Civil (Sinaproc), <a href=\"https:\/\/sertv.gob.pa\/crisolfm\/los-rios-tonosi-y-la-villa-siguen-desbordados\/\"> [&#8230;]<\/a><\/p>\n","protected":false},"author":1,"featured_media":6499,"comment_status":"closed","ping_status":"closed","sticky":false,"template":"","format":"standard","meta":{"footnotes":""},"categories":[7],"tags":[],"class_list":["post-6498","post","type-post","status-publish","format-standard","has-post-thumbnail","hentry","category-ecologicas"],"_links":{"self":[{"href":"https:\/\/sertv.gob.pa\/crisolfm\/wp-json\/wp\/v2\/posts\/6498","targetHints":{"allow":["GET"]}}],"collection":[{"href":"https:\/\/sertv.gob.pa\/crisolfm\/wp-json\/wp\/v2\/posts"}],"about":[{"href":"https:\/\/sertv.gob.pa\/crisolfm\/wp-json\/wp\/v2\/types\/post"}],"author":[{"embeddable":true,"href":"https:\/\/sertv.gob.pa\/crisolfm\/wp-json\/wp\/v2\/users\/1"}],"replies":[{"embeddable":true,"href":"https:\/\/sertv.gob.pa\/crisolfm\/wp-json\/wp\/v2\/comments?post=6498"}],"version-history":[{"count":0,"href":"https:\/\/sertv.gob.pa\/crisolfm\/wp-json\/wp\/v2\/posts\/6498\/revisions"}],"wp:featuredmedia":[{"embeddable":true,"href":"https:\/\/sertv.gob.pa\/crisolfm\/wp-json\/wp\/v2\/media\/6499"}],"wp:attachment":[{"href":"https:\/\/sertv.gob.pa\/crisolfm\/wp-json\/wp\/v2\/media?parent=6498"}],"wp:term":[{"taxonomy":"category","embeddable":true,"href":"https:\/\/sertv.gob.pa\/crisolfm\/wp-json\/wp\/v2\/categories?post=6498"},{"taxonomy":"post_tag","embeddable":true,"href":"https:\/\/sertv.gob.pa\/crisolfm\/wp-json\/wp\/v2\/tags?post=6498"}],"curies":[{"name":"wp","href":"https:\/\/api.w.org\/{rel}","templated":true}]}}