{"id":65016,"date":"2024-09-25T17:03:14","date_gmt":"2024-09-25T17:03:14","guid":{"rendered":"https:\/\/sertv.gob.pa\/crisolfm\/?p=65016"},"modified":"2024-09-25T17:03:14","modified_gmt":"2024-09-25T17:03:14","slug":"minsa-continua-campana-internacional-contra-la-diabetes-y-la-salud-bucal","status":"publish","type":"post","link":"https:\/\/sertv.gob.pa\/crisolfm\/minsa-continua-campana-internacional-contra-la-diabetes-y-la-salud-bucal\/","title":{"rendered":"MINSA contin\u00faa campa\u00f1a internacional contra la diabetes y la salud bucal"},"content":{"rendered":"<p><em><strong>Panam\u00e1,\u00a0<\/strong><\/em><\/p>\n<p><strong>Siguiendo con la Semana del Bienestar de la Regi\u00f3n SICA, personal del Ministerio de Salud, participaron de la charla: \u201cDiabetes y su Implicaci\u00f3n en la Salud Bucal\u201d, con el objetivo de promover estilos de vidas saludables.<\/strong><\/p>\n<p><strong>El Doctor Alex Gonz\u00e1les, secretario general encargado, manifest\u00f3 que,<\/strong><strong>\u00a0con mucha satisfacci\u00f3n el Ministerio de Salud se une a la Semana del Bienestar de la regi\u00f3n SICA, instaurada por el Consejo de Salud de Centroam\u00e9rica y Rep\u00fablica Dominicana (COMISCA), del cual Panam\u00e1 forma parte y hoy, con el fin de combatir la diabetes y conservar una buena salud bucal.<\/strong><\/p>\n<p><strong>\u201cEn Panam\u00e1, tenemos un gran porcentaje de personas que viven con diabetes y cuando no llevan un control adecuado, pueden desarrollar muchas enfermedades adicionales al que ya tienen. En cuanto a la salud bucal, si el paciente no lo conserva, pueden surgir apariciones de lesiones al paciente, por lo que debe contar con un m\u00e9dico de cabecera o alguien que lo gu\u00ede para estabilizar esta enfermedad\u201d, puntualiz\u00f3 Gonz\u00e1lez.<\/strong><\/p>\n<p><strong>Yovana Casta\u00f1eda, subdirectora de Recursos Humano del Ministerio de Salud, indic\u00f3 que, es muy importante que se realicen estas actividades para crear conciencia a los trabajadores del sector salud de la importancia de tener un estilo de vida saludable\u201d, dijo.<\/strong><\/p>\n<p><strong>\u201cLa Semana del Bienestar dio inicio con una jornada de toma de presi\u00f3n a todo el personal en la sede del MINSA, y continuamos con esta charla sobre diabetes y salud bucal, y para este mi\u00e9rcoles, realizaremos talleres sobre seguridad, educaci\u00f3n financiera, talleres de autoestima y etiqueta laboral, seguridad y salud laboral\u201d, detall\u00f3 Casta\u00f1eda.<\/strong><\/p>\n<p><strong>Adelant\u00f3 que, para el pr\u00f3ximo jueves y el viernes en todas las direcciones de la entidad, realizar\u00e1n un desayuno saludable y culminar\u00e1n la Semana del Bienestar con una feria saludable donde ni\u00f1os podr\u00e1n disfrutar de actividades recreativas, as\u00ed como todos los funcionarios del MINSA\u201d, finaliz\u00f3 Casta\u00f1eda.<\/strong><\/p>\n<p><strong>El Misterio de Salud, insta a la poblaci\u00f3n mantener un peso saludable, alimentarse bien, hacer ejercicios regularmente, controlar el consumo de az\u00facar y carbohidratos para prevenir la diabetes, mantener una buena hidrataci\u00f3n, realizarse chequeos m\u00e9dicos, dormir suficientemente y evitar el sedentarismo.<\/strong><\/p>\n<p>&nbsp;<\/p>\n<p>Fuente: MINSA<\/p>\n","protected":false},"excerpt":{"rendered":"<p>Panam\u00e1,\u00a0 Siguiendo con la Semana del Bienestar de la Regi\u00f3n <a href=\"https:\/\/sertv.gob.pa\/crisolfm\/minsa-continua-campana-internacional-contra-la-diabetes-y-la-salud-bucal\/\"> [&#8230;]<\/a><\/p>\n","protected":false},"author":9,"featured_media":65017,"comment_status":"closed","ping_status":"closed","sticky":false,"template":"","format":"standard","meta":{"footnotes":""},"categories":[14],"tags":[],"class_list":["post-65016","post","type-post","status-publish","format-standard","has-post-thumbnail","hentry","category-salud"],"_links":{"self":[{"href":"https:\/\/sertv.gob.pa\/crisolfm\/wp-json\/wp\/v2\/posts\/65016","targetHints":{"allow":["GET"]}}],"collection":[{"href":"https:\/\/sertv.gob.pa\/crisolfm\/wp-json\/wp\/v2\/posts"}],"about":[{"href":"https:\/\/sertv.gob.pa\/crisolfm\/wp-json\/wp\/v2\/types\/post"}],"author":[{"embeddable":true,"href":"https:\/\/sertv.gob.pa\/crisolfm\/wp-json\/wp\/v2\/users\/9"}],"replies":[{"embeddable":true,"href":"https:\/\/sertv.gob.pa\/crisolfm\/wp-json\/wp\/v2\/comments?post=65016"}],"version-history":[{"count":1,"href":"https:\/\/sertv.gob.pa\/crisolfm\/wp-json\/wp\/v2\/posts\/65016\/revisions"}],"predecessor-version":[{"id":65018,"href":"https:\/\/sertv.gob.pa\/crisolfm\/wp-json\/wp\/v2\/posts\/65016\/revisions\/65018"}],"wp:featuredmedia":[{"embeddable":true,"href":"https:\/\/sertv.gob.pa\/crisolfm\/wp-json\/wp\/v2\/media\/65017"}],"wp:attachment":[{"href":"https:\/\/sertv.gob.pa\/crisolfm\/wp-json\/wp\/v2\/media?parent=65016"}],"wp:term":[{"taxonomy":"category","embeddable":true,"href":"https:\/\/sertv.gob.pa\/crisolfm\/wp-json\/wp\/v2\/categories?post=65016"},{"taxonomy":"post_tag","embeddable":true,"href":"https:\/\/sertv.gob.pa\/crisolfm\/wp-json\/wp\/v2\/tags?post=65016"}],"curies":[{"name":"wp","href":"https:\/\/api.w.org\/{rel}","templated":true}]}}