{"id":65019,"date":"2024-09-25T17:32:24","date_gmt":"2024-09-25T17:32:24","guid":{"rendered":"https:\/\/sertv.gob.pa\/crisolfm\/?p=65019"},"modified":"2024-09-25T17:32:24","modified_gmt":"2024-09-25T17:32:24","slug":"instalan-nuevo-comite-de-bioseguridad-en-cocle","status":"publish","type":"post","link":"https:\/\/sertv.gob.pa\/crisolfm\/instalan-nuevo-comite-de-bioseguridad-en-cocle\/","title":{"rendered":"Instalan nuevo comit\u00e9 de bioseguridad en Cocl\u00e9"},"content":{"rendered":"<p><strong>La regi\u00f3n de Salud de Cocl\u00e9 en conjunto con la Caja de Seguro Social (CSS), instalaron el nuevo comit\u00e9 de bioseguridad en la provincia de Cocl\u00e9 cumpliendo con lo establecido en el Decreto Ejecutivo No. 48 del 2 de octubre de 2023, que reglamenta el art\u00edculo 5 de la Ley 252.<\/strong><\/p>\n<p><strong>Este comit\u00e9, est\u00e1 conformado por un equipo multidisciplinario de los diferentes departamentos y coordinaciones de ambas instituciones de salud.<\/strong><\/p>\n<p><strong>Obdulia de Montilla, jefa regional de Salud P\u00fablica, dijo que, en la reuni\u00f3n se coordinaron las estrategias a implementar y los lineamientos, acciones que se promover\u00e1n en los distritos; para el fiel cumplimiento, desarrollo de las normas de bioseguridad.<\/strong><\/p>\n<p>&nbsp;<\/p>\n<p>Fuente: MINSA<\/p>\n","protected":false},"excerpt":{"rendered":"<p>La regi\u00f3n de Salud de Cocl\u00e9 en conjunto con la <a href=\"https:\/\/sertv.gob.pa\/crisolfm\/instalan-nuevo-comite-de-bioseguridad-en-cocle\/\"> [&#8230;]<\/a><\/p>\n","protected":false},"author":9,"featured_media":65020,"comment_status":"closed","ping_status":"closed","sticky":false,"template":"","format":"standard","meta":{"footnotes":""},"categories":[14],"tags":[],"class_list":["post-65019","post","type-post","status-publish","format-standard","has-post-thumbnail","hentry","category-salud"],"_links":{"self":[{"href":"https:\/\/sertv.gob.pa\/crisolfm\/wp-json\/wp\/v2\/posts\/65019","targetHints":{"allow":["GET"]}}],"collection":[{"href":"https:\/\/sertv.gob.pa\/crisolfm\/wp-json\/wp\/v2\/posts"}],"about":[{"href":"https:\/\/sertv.gob.pa\/crisolfm\/wp-json\/wp\/v2\/types\/post"}],"author":[{"embeddable":true,"href":"https:\/\/sertv.gob.pa\/crisolfm\/wp-json\/wp\/v2\/users\/9"}],"replies":[{"embeddable":true,"href":"https:\/\/sertv.gob.pa\/crisolfm\/wp-json\/wp\/v2\/comments?post=65019"}],"version-history":[{"count":1,"href":"https:\/\/sertv.gob.pa\/crisolfm\/wp-json\/wp\/v2\/posts\/65019\/revisions"}],"predecessor-version":[{"id":65021,"href":"https:\/\/sertv.gob.pa\/crisolfm\/wp-json\/wp\/v2\/posts\/65019\/revisions\/65021"}],"wp:featuredmedia":[{"embeddable":true,"href":"https:\/\/sertv.gob.pa\/crisolfm\/wp-json\/wp\/v2\/media\/65020"}],"wp:attachment":[{"href":"https:\/\/sertv.gob.pa\/crisolfm\/wp-json\/wp\/v2\/media?parent=65019"}],"wp:term":[{"taxonomy":"category","embeddable":true,"href":"https:\/\/sertv.gob.pa\/crisolfm\/wp-json\/wp\/v2\/categories?post=65019"},{"taxonomy":"post_tag","embeddable":true,"href":"https:\/\/sertv.gob.pa\/crisolfm\/wp-json\/wp\/v2\/tags?post=65019"}],"curies":[{"name":"wp","href":"https:\/\/api.w.org\/{rel}","templated":true}]}}