{"id":65028,"date":"2024-09-25T18:20:01","date_gmt":"2024-09-25T18:20:01","guid":{"rendered":"https:\/\/sertv.gob.pa\/crisolfm\/?p=65028"},"modified":"2024-09-25T18:20:01","modified_gmt":"2024-09-25T18:20:01","slug":"el-veto-de-mexico-al-rey-un-hecho-sin-precedentes-en-la-relacion-de-espana-con-america-latina","status":"publish","type":"post","link":"https:\/\/sertv.gob.pa\/crisolfm\/el-veto-de-mexico-al-rey-un-hecho-sin-precedentes-en-la-relacion-de-espana-con-america-latina\/","title":{"rendered":"El veto de M\u00e9xico al rey, un hecho sin precedentes en la relaci\u00f3n de Espa\u00f1a con Am\u00e9rica Latina"},"content":{"rendered":"<p><em><strong>Madrid (EFE).-<\/strong><\/em> La decisi\u00f3n del Gobierno de M\u00e9xico de no invitar al rey a la toma de posesi\u00f3n de la nueva presidenta, Claudia Sheinbaum, supone un hecho sin precedentes en la relaci\u00f3n que Espa\u00f1a y la Corona han tenido con los pa\u00edses de Am\u00e9rica Latina y en la representaci\u00f3n del monarca en las tomas de posesi\u00f3n de los mandatarios.<\/p>\n<p>La respuesta del Ejecutivo de Pedro S\u00e1nchez al veto ha sido no participar en la ceremonia de traspaso de poder el pr\u00f3ximo 1 de octubre como protesta por un gesto que ahonda en la crisis diplom\u00e1tica que abri\u00f3 el presidente mexicano saliente, Andr\u00e9s Manuel L\u00f3pez Obrador, en marzo de 2019, cuando pidi\u00f3 a Felipe VI que se disculpara por el pasado colonial de Espa\u00f1a.<\/p>\n","protected":false},"excerpt":{"rendered":"<p>Madrid (EFE).- La decisi\u00f3n del Gobierno de M\u00e9xico de no <a href=\"https:\/\/sertv.gob.pa\/crisolfm\/el-veto-de-mexico-al-rey-un-hecho-sin-precedentes-en-la-relacion-de-espana-con-america-latina\/\"> [&#8230;]<\/a><\/p>\n","protected":false},"author":9,"featured_media":65029,"comment_status":"closed","ping_status":"closed","sticky":false,"template":"","format":"standard","meta":{"footnotes":""},"categories":[13],"tags":[],"class_list":["post-65028","post","type-post","status-publish","format-standard","has-post-thumbnail","hentry","category-internacionales"],"_links":{"self":[{"href":"https:\/\/sertv.gob.pa\/crisolfm\/wp-json\/wp\/v2\/posts\/65028","targetHints":{"allow":["GET"]}}],"collection":[{"href":"https:\/\/sertv.gob.pa\/crisolfm\/wp-json\/wp\/v2\/posts"}],"about":[{"href":"https:\/\/sertv.gob.pa\/crisolfm\/wp-json\/wp\/v2\/types\/post"}],"author":[{"embeddable":true,"href":"https:\/\/sertv.gob.pa\/crisolfm\/wp-json\/wp\/v2\/users\/9"}],"replies":[{"embeddable":true,"href":"https:\/\/sertv.gob.pa\/crisolfm\/wp-json\/wp\/v2\/comments?post=65028"}],"version-history":[{"count":1,"href":"https:\/\/sertv.gob.pa\/crisolfm\/wp-json\/wp\/v2\/posts\/65028\/revisions"}],"predecessor-version":[{"id":65030,"href":"https:\/\/sertv.gob.pa\/crisolfm\/wp-json\/wp\/v2\/posts\/65028\/revisions\/65030"}],"wp:featuredmedia":[{"embeddable":true,"href":"https:\/\/sertv.gob.pa\/crisolfm\/wp-json\/wp\/v2\/media\/65029"}],"wp:attachment":[{"href":"https:\/\/sertv.gob.pa\/crisolfm\/wp-json\/wp\/v2\/media?parent=65028"}],"wp:term":[{"taxonomy":"category","embeddable":true,"href":"https:\/\/sertv.gob.pa\/crisolfm\/wp-json\/wp\/v2\/categories?post=65028"},{"taxonomy":"post_tag","embeddable":true,"href":"https:\/\/sertv.gob.pa\/crisolfm\/wp-json\/wp\/v2\/tags?post=65028"}],"curies":[{"name":"wp","href":"https:\/\/api.w.org\/{rel}","templated":true}]}}