{"id":65079,"date":"2024-09-26T15:49:57","date_gmt":"2024-09-26T15:49:57","guid":{"rendered":"https:\/\/sertv.gob.pa\/crisolfm\/?p=65079"},"modified":"2024-09-26T15:49:57","modified_gmt":"2024-09-26T15:49:57","slug":"taller-promueve-creatividad-y-conciencia-ambiental-en-estudiantes-del-iphe-de-guna-yala","status":"publish","type":"post","link":"https:\/\/sertv.gob.pa\/crisolfm\/taller-promueve-creatividad-y-conciencia-ambiental-en-estudiantes-del-iphe-de-guna-yala\/","title":{"rendered":"Taller promueve creatividad y conciencia ambiental en estudiantes del IPHE de Guna Yala"},"content":{"rendered":"<div class=\"fusion-fullwidth fullwidth-box fusion-builder-row-1 fusion-flex-container has-pattern-background has-mask-background nonhundred-percent-fullwidth non-hundred-percent-height-scrolling\" style=\"--awb-border-radius-top-left:0px;--awb-border-radius-top-right:0px;--awb-border-radius-bottom-right:0px;--awb-border-radius-bottom-left:0px;--awb-flex-wrap:wrap;\" ><div class=\"fusion-builder-row fusion-row fusion-flex-align-items-flex-start fusion-flex-content-wrap\" style=\"max-width:1144px;margin-left: calc(-4% \/ 2 );margin-right: calc(-4% \/ 2 );\"><div class=\"fusion-layout-column fusion_builder_column fusion-builder-column-0 fusion_builder_column_1_1 1_1 fusion-flex-column\" style=\"--awb-bg-size:cover;--awb-width-large:100%;--awb-margin-top-large:0px;--awb-spacing-right-large:1.92%;--awb-margin-bottom-large:20px;--awb-spacing-left-large:1.92%;--awb-width-medium:100%;--awb-order-medium:0;--awb-spacing-right-medium:1.92%;--awb-spacing-left-medium:1.92%;--awb-width-small:100%;--awb-order-small:0;--awb-spacing-right-small:1.92%;--awb-spacing-left-small:1.92%;\"><div class=\"fusion-column-wrapper fusion-column-has-shadow fusion-flex-justify-content-flex-start fusion-content-layout-column\"><div class=\"fusion-text fusion-text-1\"><p><strong>En el aula del Instituto Paname\u00f1o de Habilitaci\u00f3n Especial (IPHE), sede de Guna Yala, se realiz\u00f3 el taller \u00abAnimales Marinos con Cart\u00f3n\u00bb, dirigido por la docente Yasm\u00edn Rojas. Este proyecto permiti\u00f3 a los estudiantes utilizar cart\u00f3n reciclado para crear figuras de animales marinos, fomentando la creatividad y habilidades motoras.<\/strong><\/p>\n<p><strong>La ense\u00f1anza, adem\u00e1s de potenciar la imaginaci\u00f3n, ofreci\u00f3 a los estudiantes la oportunidad de aprender sobre la fauna marina y la importancia del reciclaje. Este enfoque did\u00e1ctico no solo refuerza el conocimiento sobre el medio ambiente, sino que tambi\u00e9n contribuye al desarrollo cognitivo en un entorno adaptado a sus necesidades.<\/strong><\/p>\n<p><strong>La Jornada educativa busc\u00f3 inculcar valores de conservaci\u00f3n del ambiente y promoviendo el aprendizaje a trav\u00e9s de m\u00e9todos creativos, adaptados a las capacidades de cada estudiante, logrando aprendizajes significativos y sostenibles para la vida.<\/strong><\/p>\n<p>Fuente: IPHE<\/p>\n<\/div><div class=\"awb-gallery-wrapper awb-gallery-wrapper-1 button-span-no\" style=\"--more-btn-alignment:center;\"><div style=\"margin:-5px;--awb-bordersize:0px;\" class=\"fusion-gallery fusion-gallery-container fusion-grid-3 fusion-columns-total-2 fusion-gallery-layout-grid fusion-gallery-1\"><div style=\"padding:5px;\" class=\"fusion-grid-column fusion-gallery-column fusion-gallery-column-3 hover-type-none\"><div class=\"fusion-gallery-image\"><a href=\"https:\/\/sertv.gob.pa\/crisolfm\/wp-content\/uploads\/sites\/2\/2024\/09\/CONCIENCIA-AMBIENTAL-IPHE-1.jpg\" rel=\"noreferrer\" data-rel=\"iLightbox[gallery_image_1]\" class=\"fusion-lightbox\" target=\"_self\"><img decoding=\"async\" src=\"https:\/\/sertv.gob.pa\/crisolfm\/wp-content\/uploads\/sites\/2\/2024\/09\/CONCIENCIA-AMBIENTAL-IPHE-1.jpg\" width=\"600\" height=\"451\" alt=\"\" title=\"CONCIENCIA AMBIENTAL IPHE 1\" aria-label=\"CONCIENCIA AMBIENTAL IPHE 1\" class=\"img-responsive wp-image-65081\" srcset=\"https:\/\/sertv.gob.pa\/crisolfm\/wp-content\/uploads\/sites\/2\/2024\/09\/CONCIENCIA-AMBIENTAL-IPHE-1-200x150.jpg 200w, https:\/\/sertv.gob.pa\/crisolfm\/wp-content\/uploads\/sites\/2\/2024\/09\/CONCIENCIA-AMBIENTAL-IPHE-1-400x301.jpg 400w, https:\/\/sertv.gob.pa\/crisolfm\/wp-content\/uploads\/sites\/2\/2024\/09\/CONCIENCIA-AMBIENTAL-IPHE-1.jpg 600w\" sizes=\"(min-width: 2200px) 100vw, (min-width: 784px) 363px, (min-width: 712px) 545px, (min-width: 640px) 712px, \" \/><\/a><\/div><\/div><div style=\"padding:5px;\" class=\"fusion-grid-column fusion-gallery-column fusion-gallery-column-3 hover-type-none\"><div class=\"fusion-gallery-image\"><a href=\"https:\/\/sertv.gob.pa\/crisolfm\/wp-content\/uploads\/sites\/2\/2024\/09\/CONCIENCIA-AMBIENTAL-IPHE-2.jpg\" rel=\"noreferrer\" data-rel=\"iLightbox[gallery_image_1]\" class=\"fusion-lightbox\" target=\"_self\"><img decoding=\"async\" src=\"https:\/\/sertv.gob.pa\/crisolfm\/wp-content\/uploads\/sites\/2\/2024\/09\/CONCIENCIA-AMBIENTAL-IPHE-2.jpg\" width=\"600\" height=\"451\" alt=\"\" title=\"CONCIENCIA AMBIENTAL IPHE 2\" aria-label=\"CONCIENCIA AMBIENTAL IPHE 2\" class=\"img-responsive wp-image-65082\" srcset=\"https:\/\/sertv.gob.pa\/crisolfm\/wp-content\/uploads\/sites\/2\/2024\/09\/CONCIENCIA-AMBIENTAL-IPHE-2-200x150.jpg 200w, https:\/\/sertv.gob.pa\/crisolfm\/wp-content\/uploads\/sites\/2\/2024\/09\/CONCIENCIA-AMBIENTAL-IPHE-2-400x301.jpg 400w, https:\/\/sertv.gob.pa\/crisolfm\/wp-content\/uploads\/sites\/2\/2024\/09\/CONCIENCIA-AMBIENTAL-IPHE-2.jpg 600w\" sizes=\"(min-width: 2200px) 100vw, (min-width: 784px) 363px, (min-width: 712px) 545px, (min-width: 640px) 712px, \" \/><\/a><\/div><\/div><\/div><\/div><\/div><\/div><\/div><\/div>\n","protected":false},"excerpt":{"rendered":"","protected":false},"author":9,"featured_media":65080,"comment_status":"closed","ping_status":"closed","sticky":false,"template":"","format":"standard","meta":{"footnotes":""},"categories":[16],"tags":[],"class_list":["post-65079","post","type-post","status-publish","format-standard","has-post-thumbnail","hentry","category-ambiente"],"_links":{"self":[{"href":"https:\/\/sertv.gob.pa\/crisolfm\/wp-json\/wp\/v2\/posts\/65079","targetHints":{"allow":["GET"]}}],"collection":[{"href":"https:\/\/sertv.gob.pa\/crisolfm\/wp-json\/wp\/v2\/posts"}],"about":[{"href":"https:\/\/sertv.gob.pa\/crisolfm\/wp-json\/wp\/v2\/types\/post"}],"author":[{"embeddable":true,"href":"https:\/\/sertv.gob.pa\/crisolfm\/wp-json\/wp\/v2\/users\/9"}],"replies":[{"embeddable":true,"href":"https:\/\/sertv.gob.pa\/crisolfm\/wp-json\/wp\/v2\/comments?post=65079"}],"version-history":[{"count":1,"href":"https:\/\/sertv.gob.pa\/crisolfm\/wp-json\/wp\/v2\/posts\/65079\/revisions"}],"predecessor-version":[{"id":65083,"href":"https:\/\/sertv.gob.pa\/crisolfm\/wp-json\/wp\/v2\/posts\/65079\/revisions\/65083"}],"wp:featuredmedia":[{"embeddable":true,"href":"https:\/\/sertv.gob.pa\/crisolfm\/wp-json\/wp\/v2\/media\/65080"}],"wp:attachment":[{"href":"https:\/\/sertv.gob.pa\/crisolfm\/wp-json\/wp\/v2\/media?parent=65079"}],"wp:term":[{"taxonomy":"category","embeddable":true,"href":"https:\/\/sertv.gob.pa\/crisolfm\/wp-json\/wp\/v2\/categories?post=65079"},{"taxonomy":"post_tag","embeddable":true,"href":"https:\/\/sertv.gob.pa\/crisolfm\/wp-json\/wp\/v2\/tags?post=65079"}],"curies":[{"name":"wp","href":"https:\/\/api.w.org\/{rel}","templated":true}]}}