{"id":65092,"date":"2024-09-26T17:17:11","date_gmt":"2024-09-26T17:17:11","guid":{"rendered":"https:\/\/sertv.gob.pa\/crisolfm\/?p=65092"},"modified":"2024-09-26T17:17:11","modified_gmt":"2024-09-26T17:17:11","slug":"petro-dice-que-colombia-y-brasil-no-reconoceran-a-maduro-si-no-son-presentadas-las-actas","status":"publish","type":"post","link":"https:\/\/sertv.gob.pa\/crisolfm\/petro-dice-que-colombia-y-brasil-no-reconoceran-a-maduro-si-no-son-presentadas-las-actas\/","title":{"rendered":"Petro dice que Colombia y Brasil no reconocer\u00e1n a Maduro si no son presentadas las actas"},"content":{"rendered":"<p><em><strong>Bogot\u00e1 (EFE).-<\/strong><\/em> El presidente colombiano, Gustavo Petro, asegur\u00f3 que su pa\u00eds y Brasil no reconocer\u00e1n la victoria de Nicol\u00e1s Maduro en las elecciones presidenciales venezolanas si no son presentadas las actas de los comicios celebrados el 28 julio.<\/p>\n<p>\u201cCon el presidente Lula ahora voy a charlar. Nosotros quedamos en un punto: si no hay presentaci\u00f3n de actas, no hay reconocimiento\u201d, expres\u00f3 Petro en una entrevista con CNN en Nueva York, donde participa en la Asamblea General de la ONU.<\/p>\n","protected":false},"excerpt":{"rendered":"<p>Bogot\u00e1 (EFE).- El presidente colombiano, Gustavo Petro, asegur\u00f3 que su <a href=\"https:\/\/sertv.gob.pa\/crisolfm\/petro-dice-que-colombia-y-brasil-no-reconoceran-a-maduro-si-no-son-presentadas-las-actas\/\"> [&#8230;]<\/a><\/p>\n","protected":false},"author":9,"featured_media":65093,"comment_status":"closed","ping_status":"closed","sticky":false,"template":"","format":"standard","meta":{"footnotes":""},"categories":[13],"tags":[],"class_list":["post-65092","post","type-post","status-publish","format-standard","has-post-thumbnail","hentry","category-internacionales"],"_links":{"self":[{"href":"https:\/\/sertv.gob.pa\/crisolfm\/wp-json\/wp\/v2\/posts\/65092","targetHints":{"allow":["GET"]}}],"collection":[{"href":"https:\/\/sertv.gob.pa\/crisolfm\/wp-json\/wp\/v2\/posts"}],"about":[{"href":"https:\/\/sertv.gob.pa\/crisolfm\/wp-json\/wp\/v2\/types\/post"}],"author":[{"embeddable":true,"href":"https:\/\/sertv.gob.pa\/crisolfm\/wp-json\/wp\/v2\/users\/9"}],"replies":[{"embeddable":true,"href":"https:\/\/sertv.gob.pa\/crisolfm\/wp-json\/wp\/v2\/comments?post=65092"}],"version-history":[{"count":1,"href":"https:\/\/sertv.gob.pa\/crisolfm\/wp-json\/wp\/v2\/posts\/65092\/revisions"}],"predecessor-version":[{"id":65094,"href":"https:\/\/sertv.gob.pa\/crisolfm\/wp-json\/wp\/v2\/posts\/65092\/revisions\/65094"}],"wp:featuredmedia":[{"embeddable":true,"href":"https:\/\/sertv.gob.pa\/crisolfm\/wp-json\/wp\/v2\/media\/65093"}],"wp:attachment":[{"href":"https:\/\/sertv.gob.pa\/crisolfm\/wp-json\/wp\/v2\/media?parent=65092"}],"wp:term":[{"taxonomy":"category","embeddable":true,"href":"https:\/\/sertv.gob.pa\/crisolfm\/wp-json\/wp\/v2\/categories?post=65092"},{"taxonomy":"post_tag","embeddable":true,"href":"https:\/\/sertv.gob.pa\/crisolfm\/wp-json\/wp\/v2\/tags?post=65092"}],"curies":[{"name":"wp","href":"https:\/\/api.w.org\/{rel}","templated":true}]}}