{"id":65133,"date":"2024-09-27T16:05:25","date_gmt":"2024-09-27T16:05:25","guid":{"rendered":"https:\/\/sertv.gob.pa\/crisolfm\/?p=65133"},"modified":"2024-09-27T16:05:25","modified_gmt":"2024-09-27T16:05:25","slug":"policias-de-veraguas-se-capacitan-sobre-trato-a-las-personas-sordas","status":"publish","type":"post","link":"https:\/\/sertv.gob.pa\/crisolfm\/policias-de-veraguas-se-capacitan-sobre-trato-a-las-personas-sordas\/","title":{"rendered":"Polic\u00edas de Veraguas se capacitan sobre trato a las personas sordas"},"content":{"rendered":"<p><strong>En conmemoraci\u00f3n de la Semana Internacional de la Cultura Sorda, integrantes del equipo t\u00e9cnico de la Sede de Veraguas, realiz\u00f3 una docencia dirigida al personal de la Polic\u00eda Nacional de la Zona de Santiago, sobre el trato y manejo hacia las personas con discapacidad auditiva.<\/strong><\/p>\n<p><strong>La capacitaci\u00f3n realizada en la sede de la Polic\u00eda Nacional de Veraguas, tuvo como objetivo brindar a 23 unidades, las herramientas necesarias para facilitar la comunicaci\u00f3n con personas con discapacidad auditiva durante su labor.<\/strong><\/p>\n<p><strong>Esta iniciativa, busca mejorar el manejo de situaciones sociales y policiales, asegurando as\u00ed que los agentes cuenten con el conocimiento adecuado para interactuar de manera efectiva con la comunidad sorda.<\/strong><\/p>\n<p><strong>La formaci\u00f3n fue impartida por los licenciados Iris Mu\u00f1oz, psic\u00f3loga, y \u00c1ngel Gonz\u00e1lez, fonoaudi\u00f3logo, quienes son parte del equipo del IPHE especializado en atenci\u00f3n a la diversidad.<\/strong><\/p>\n<p>&nbsp;<\/p>\n<p>Fuente: IPHE<\/p>\n","protected":false},"excerpt":{"rendered":"<p>En conmemoraci\u00f3n de la Semana Internacional de la Cultura Sorda, <a href=\"https:\/\/sertv.gob.pa\/crisolfm\/policias-de-veraguas-se-capacitan-sobre-trato-a-las-personas-sordas\/\"> [&#8230;]<\/a><\/p>\n","protected":false},"author":9,"featured_media":65134,"comment_status":"closed","ping_status":"closed","sticky":false,"template":"","format":"standard","meta":{"footnotes":""},"categories":[14],"tags":[],"class_list":["post-65133","post","type-post","status-publish","format-standard","has-post-thumbnail","hentry","category-salud"],"_links":{"self":[{"href":"https:\/\/sertv.gob.pa\/crisolfm\/wp-json\/wp\/v2\/posts\/65133","targetHints":{"allow":["GET"]}}],"collection":[{"href":"https:\/\/sertv.gob.pa\/crisolfm\/wp-json\/wp\/v2\/posts"}],"about":[{"href":"https:\/\/sertv.gob.pa\/crisolfm\/wp-json\/wp\/v2\/types\/post"}],"author":[{"embeddable":true,"href":"https:\/\/sertv.gob.pa\/crisolfm\/wp-json\/wp\/v2\/users\/9"}],"replies":[{"embeddable":true,"href":"https:\/\/sertv.gob.pa\/crisolfm\/wp-json\/wp\/v2\/comments?post=65133"}],"version-history":[{"count":1,"href":"https:\/\/sertv.gob.pa\/crisolfm\/wp-json\/wp\/v2\/posts\/65133\/revisions"}],"predecessor-version":[{"id":65135,"href":"https:\/\/sertv.gob.pa\/crisolfm\/wp-json\/wp\/v2\/posts\/65133\/revisions\/65135"}],"wp:featuredmedia":[{"embeddable":true,"href":"https:\/\/sertv.gob.pa\/crisolfm\/wp-json\/wp\/v2\/media\/65134"}],"wp:attachment":[{"href":"https:\/\/sertv.gob.pa\/crisolfm\/wp-json\/wp\/v2\/media?parent=65133"}],"wp:term":[{"taxonomy":"category","embeddable":true,"href":"https:\/\/sertv.gob.pa\/crisolfm\/wp-json\/wp\/v2\/categories?post=65133"},{"taxonomy":"post_tag","embeddable":true,"href":"https:\/\/sertv.gob.pa\/crisolfm\/wp-json\/wp\/v2\/tags?post=65133"}],"curies":[{"name":"wp","href":"https:\/\/api.w.org\/{rel}","templated":true}]}}