{"id":65154,"date":"2024-09-27T19:14:23","date_gmt":"2024-09-27T19:14:23","guid":{"rendered":"https:\/\/sertv.gob.pa\/crisolfm\/?p=65154"},"modified":"2024-09-27T19:14:23","modified_gmt":"2024-09-27T19:14:23","slug":"presidente-mulino-asiste-a-cena-con-presidente-biden","status":"publish","type":"post","link":"https:\/\/sertv.gob.pa\/crisolfm\/presidente-mulino-asiste-a-cena-con-presidente-biden\/","title":{"rendered":"Presidente Mulino asiste a cena con presidente Biden"},"content":{"rendered":"<p><strong>El presidente de la Rep\u00fablica de Panam\u00e1, Jos\u00e9 Ra\u00fal Mulino y la primera dama, Maricel Cohen de Mulino, asistieron, en el marco de la 79\u00b0 Asamblea de Naciones Unidas, a la recepci\u00f3n ofrecida por su hom\u00f3logo estadounidense, Joe Biden, en el Metropolitan Museum of Art (MET). <\/strong><\/p>\n<p><strong>En el encuentro, el presidente, reiter\u00f3 la cooperaci\u00f3n y el compromiso de avanzar en la agenda democr\u00e1tica y de seguridad.<\/strong><\/p>\n<p>&nbsp;<\/p>\n<p>Fuente: MIRE \/ Canciller\u00eda de la Rep\u00fablica de Panam\u00e1<\/p>\n","protected":false},"excerpt":{"rendered":"<p>El presidente de la Rep\u00fablica de Panam\u00e1, Jos\u00e9 Ra\u00fal Mulino <a href=\"https:\/\/sertv.gob.pa\/crisolfm\/presidente-mulino-asiste-a-cena-con-presidente-biden\/\"> [&#8230;]<\/a><\/p>\n","protected":false},"author":9,"featured_media":65155,"comment_status":"closed","ping_status":"closed","sticky":false,"template":"","format":"standard","meta":{"footnotes":""},"categories":[12],"tags":[],"class_list":["post-65154","post","type-post","status-publish","format-standard","has-post-thumbnail","hentry","category-nacionales"],"_links":{"self":[{"href":"https:\/\/sertv.gob.pa\/crisolfm\/wp-json\/wp\/v2\/posts\/65154","targetHints":{"allow":["GET"]}}],"collection":[{"href":"https:\/\/sertv.gob.pa\/crisolfm\/wp-json\/wp\/v2\/posts"}],"about":[{"href":"https:\/\/sertv.gob.pa\/crisolfm\/wp-json\/wp\/v2\/types\/post"}],"author":[{"embeddable":true,"href":"https:\/\/sertv.gob.pa\/crisolfm\/wp-json\/wp\/v2\/users\/9"}],"replies":[{"embeddable":true,"href":"https:\/\/sertv.gob.pa\/crisolfm\/wp-json\/wp\/v2\/comments?post=65154"}],"version-history":[{"count":1,"href":"https:\/\/sertv.gob.pa\/crisolfm\/wp-json\/wp\/v2\/posts\/65154\/revisions"}],"predecessor-version":[{"id":65156,"href":"https:\/\/sertv.gob.pa\/crisolfm\/wp-json\/wp\/v2\/posts\/65154\/revisions\/65156"}],"wp:featuredmedia":[{"embeddable":true,"href":"https:\/\/sertv.gob.pa\/crisolfm\/wp-json\/wp\/v2\/media\/65155"}],"wp:attachment":[{"href":"https:\/\/sertv.gob.pa\/crisolfm\/wp-json\/wp\/v2\/media?parent=65154"}],"wp:term":[{"taxonomy":"category","embeddable":true,"href":"https:\/\/sertv.gob.pa\/crisolfm\/wp-json\/wp\/v2\/categories?post=65154"},{"taxonomy":"post_tag","embeddable":true,"href":"https:\/\/sertv.gob.pa\/crisolfm\/wp-json\/wp\/v2\/tags?post=65154"}],"curies":[{"name":"wp","href":"https:\/\/api.w.org\/{rel}","templated":true}]}}